{"id":7925,"date":"2023-01-03T10:57:13","date_gmt":"2023-01-03T07:57:13","guid":{"rendered":"https:\/\/www.lammi.fi\/kivitalo\/?p=7925"},"modified":"2023-01-03T10:57:13","modified_gmt":"2023-01-03T07:57:13","slug":"tervetuloa-kevaan-2023-rakentajamessuille","status":"publish","type":"post","link":"https:\/\/www.lammi.fi\/kivitalo\/tervetuloa-kevaan-2023-rakentajamessuille\/","title":{"rendered":"Tervetuloa kev\u00e4\u00e4n 2023 rakentajamessuille!"},"content":{"rendered":"<p><img decoding=\"async\" class=\"size-large wp-image-7926 alignnone\" src=\"https:\/\/www.lammi.fi\/kivitalo\/wp-content\/uploads\/sites\/2\/2023\/01\/messuosasto-finnb-1024x1024.jpeg\" alt=\"\" width=\"840\" height=\"840\" srcset=\"https:\/\/www.lammi.fi\/kivitalo\/wp-content\/uploads\/sites\/2\/2023\/01\/messuosasto-finnb-1024x1024.jpeg 1024w, https:\/\/www.lammi.fi\/kivitalo\/wp-content\/uploads\/sites\/2\/2023\/01\/messuosasto-finnb-300x300.jpeg 300w, https:\/\/www.lammi.fi\/kivitalo\/wp-content\/uploads\/sites\/2\/2023\/01\/messuosasto-finnb-150x150.jpeg 150w, https:\/\/www.lammi.fi\/kivitalo\/wp-content\/uploads\/sites\/2\/2023\/01\/messuosasto-finnb-768x769.jpeg 768w, https:\/\/www.lammi.fi\/kivitalo\/wp-content\/uploads\/sites\/2\/2023\/01\/messuosasto-finnb-1200x1201.jpeg 1200w, https:\/\/www.lammi.fi\/kivitalo\/wp-content\/uploads\/sites\/2\/2023\/01\/messuosasto-finnb-260x260.jpeg 260w, https:\/\/www.lammi.fi\/kivitalo\/wp-content\/uploads\/sites\/2\/2023\/01\/messuosasto-finnb-600x600.jpeg 600w, https:\/\/www.lammi.fi\/kivitalo\/wp-content\/uploads\/sites\/2\/2023\/01\/messuosasto-finnb-500x500.jpeg 500w, https:\/\/www.lammi.fi\/kivitalo\/wp-content\/uploads\/sites\/2\/2023\/01\/messuosasto-finnb-1361x1362.jpeg 1361w, https:\/\/www.lammi.fi\/kivitalo\/wp-content\/uploads\/sites\/2\/2023\/01\/messuosasto-finnb.jpeg 1474w\" sizes=\"(max-width: 709px) 85vw, (max-width: 909px) 67vw, (max-width: 1362px) 62vw, 840px\" \/><\/p>\n<p>Olemme tuttuun tapaan mukana rakentajamessuilla 2023 ymp\u00e4ri Suomea.<br \/>\nTule tutustumaan kivirakentamisen mahdollisuuksiin ja keskustelemaan asiantuntijoidemme kanssa omista omakotirakentamisen toiveistasi, suunnitelmistasi tai k\u00e4ynniss\u00e4 olevasta hankkeestasi.<\/p>\n<p>TULEVAT MESSUT:<\/p>\n<p>27.-29.1.2023 VANTAA: Rakenna &amp; Remontoi -messut, Myyrm\u00e4ki-halli<\/p>\n<p>3.-5.2.2023 TAMPERE: Asta -messut, Tampereen Messu- ja Urheilukeskus<\/p>\n<p>10.-12.2.2023 TURKU: Rakenna &amp; Sisusta -messut, Turun Messukeskus<\/p>\n<p>25.-26.2.2023 KUOPIO: Rakenna ja Asu -messut, Kuopio-halli<\/p>\n<p>10.-12.3.2023 LAHTI: Raksa-messut, Lahden Messukeskus<\/p>\n<p>17.-19.3.2023 JYV\u00c4SKYL\u00c4: Jyv\u00e4skyl\u00e4n Rakennusmessut, Jyv\u00e4skyl\u00e4n Paviljonki<\/p>\n<p>25.-26.3.2023 SEIN\u00c4JOKI: Pytinki-messut, Sein\u00e4joki Areena<\/p>\n<p>14.-16.4.2023 OULU: Rakentaja 2023 -messut, Ouluhallissa<\/p>\n<p>N\u00e4hd\u00e4\u00e4n messuilla!<\/p>\n","protected":false},"excerpt":{"rendered":"<p>Olemme tuttuun tapaan mukana rakentajamessuilla 2023 ymp\u00e4ri Suomea. Tule tutustumaan kivirakentamisen mahdollisuuksiin ja keskustelemaan asiantuntijoidemme kanssa omista omakotirakentamisen toiveistasi, suunnitelmistasi tai k\u00e4ynniss\u00e4 olevasta hankkeestasi. TULEVAT MESSUT: 27.-29.1.2023 VANTAA: Rakenna &amp; Remontoi -messut, Myyrm\u00e4ki-halli 3.-5.2.2023 TAMPERE: Asta -messut, Tampereen Messu- ja Urheilukeskus 10.-12.2.2023 TURKU: Rakenna &amp; Sisusta -messut, Turun Messukeskus 25.-26.2.2023 KUOPIO: Rakenna ja Asu -messut, &hellip; <a href=\"https:\/\/www.lammi.fi\/kivitalo\/tervetuloa-kevaan-2023-rakentajamessuille\/\" class=\"more-link\">Lue lis\u00e4\u00e4<span class=\"screen-reader-text\"> &#8221;Tervetuloa kev\u00e4\u00e4n 2023 rakentajamessuille!&#8221;<\/span><\/a><\/p>\n","protected":false},"author":11,"featured_media":0,"comment_status":"closed","ping_status":"closed","sticky":false,"template":"","format":"standard","meta":{"_acf_changed":false,"_improvement_type_select":"improve_an_existing","_thumb_yes_seoaic":false,"_frame_yes_seoaic":false,"seoaic_generate_description":"","seoaic_improve_instructions_prompt":"","seoaic_rollback_content_improvement":"","seoaic_idea_thumbnail_generator":"","thumbnail_generated":false,"thumbnail_generate_prompt":"","seoaic_article_description":"","seoaic_article_subtitles":[],"footnotes":""},"categories":[1],"tags":[],"class_list":["post-7925","post","type-post","status-publish","format-standard","hentry","category-ajankohtaista"],"acf":[],"yoast_head":"<!-- This site is optimized with the Yoast SEO plugin v27.4 - https:\/\/yoast.com\/product\/yoast-seo-wordpress\/ -->\n<title>Tervetuloa kev\u00e4\u00e4n 2023 rakentajamessuille! - Lammi Kivitalo<\/title>\n<link rel=\"canonical\" href=\"https:\/\/www.lammi.fi\/kivitalo\/tervetuloa-kevaan-2023-rakentajamessuille\/\" \/>\n<meta property=\"og:locale\" content=\"fi_FI\" \/>\n<meta property=\"og:type\" content=\"article\" \/>\n<meta property=\"og:title\" content=\"Tervetuloa kev\u00e4\u00e4n 2023 rakentajamessuille! - Lammi Kivitalo\" \/>\n<meta property=\"og:description\" content=\"Olemme tuttuun tapaan mukana rakentajamessuilla 2023 ymp\u00e4ri Suomea. Tule tutustumaan kivirakentamisen mahdollisuuksiin ja keskustelemaan asiantuntijoidemme kanssa omista omakotirakentamisen toiveistasi, suunnitelmistasi tai k\u00e4ynniss\u00e4 olevasta hankkeestasi. TULEVAT MESSUT: 27.-29.1.2023 VANTAA: Rakenna &amp; Remontoi -messut, Myyrm\u00e4ki-halli 3.-5.2.2023 TAMPERE: Asta -messut, Tampereen Messu- ja Urheilukeskus 10.-12.2.2023 TURKU: Rakenna &amp; Sisusta -messut, Turun Messukeskus 25.-26.2.2023 KUOPIO: Rakenna ja Asu -messut, &hellip; Lue lis\u00e4\u00e4 &quot;Tervetuloa kev\u00e4\u00e4n 2023 rakentajamessuille!&quot;\" \/>\n<meta property=\"og:url\" content=\"https:\/\/www.lammi.fi\/kivitalo\/tervetuloa-kevaan-2023-rakentajamessuille\/\" \/>\n<meta property=\"og:site_name\" content=\"Lammi Kivitalo\" \/>\n<meta property=\"article:publisher\" content=\"https:\/\/www.facebook.com\/LammiKivitalot\" \/>\n<meta property=\"article:published_time\" content=\"2023-01-03T07:57:13+00:00\" \/>\n<meta property=\"og:image\" content=\"https:\/\/www.lammi.fi\/kivitalo\/wp-content\/uploads\/sites\/2\/2023\/01\/messuosasto-finnb-1024x1024.jpeg\" \/>\n<meta name=\"author\" content=\"pauliinavesinen\" \/>\n<meta name=\"twitter:card\" content=\"summary_large_image\" \/>\n<meta name=\"twitter:label1\" content=\"Kirjoittanut\" \/>\n\t<meta name=\"twitter:data1\" content=\"pauliinavesinen\" \/>\n\t<meta name=\"twitter:label2\" content=\"Arvioitu lukuaika\" \/>\n\t<meta name=\"twitter:data2\" content=\"1 minuutti\" \/>\n<script type=\"application\/ld+json\" class=\"yoast-schema-graph\">{\"@context\":\"https:\\\/\\\/schema.org\",\"@graph\":[{\"@type\":\"Article\",\"@id\":\"https:\\\/\\\/www.lammi.fi\\\/kivitalo\\\/tervetuloa-kevaan-2023-rakentajamessuille\\\/#article\",\"isPartOf\":{\"@id\":\"https:\\\/\\\/www.lammi.fi\\\/kivitalo\\\/tervetuloa-kevaan-2023-rakentajamessuille\\\/\"},\"author\":{\"name\":\"pauliinavesinen\",\"@id\":\"https:\\\/\\\/www.lammi.fi\\\/kivitalo\\\/#\\\/schema\\\/person\\\/b4a3064da35885c3f3143f2f1e605956\"},\"headline\":\"Tervetuloa kev\u00e4\u00e4n 2023 rakentajamessuille!\",\"datePublished\":\"2023-01-03T07:57:13+00:00\",\"mainEntityOfPage\":{\"@id\":\"https:\\\/\\\/www.lammi.fi\\\/kivitalo\\\/tervetuloa-kevaan-2023-rakentajamessuille\\\/\"},\"wordCount\":94,\"publisher\":{\"@id\":\"https:\\\/\\\/www.lammi.fi\\\/kivitalo\\\/#organization\"},\"image\":{\"@id\":\"https:\\\/\\\/www.lammi.fi\\\/kivitalo\\\/tervetuloa-kevaan-2023-rakentajamessuille\\\/#primaryimage\"},\"thumbnailUrl\":\"https:\\\/\\\/www.lammi.fi\\\/kivitalo\\\/wp-content\\\/uploads\\\/sites\\\/2\\\/2023\\\/01\\\/messuosasto-finnb-1024x1024.jpeg\",\"articleSection\":[\"Ajankohtaista\"],\"inLanguage\":\"fi\"},{\"@type\":\"WebPage\",\"@id\":\"https:\\\/\\\/www.lammi.fi\\\/kivitalo\\\/tervetuloa-kevaan-2023-rakentajamessuille\\\/\",\"url\":\"https:\\\/\\\/www.lammi.fi\\\/kivitalo\\\/tervetuloa-kevaan-2023-rakentajamessuille\\\/\",\"name\":\"Tervetuloa kev\u00e4\u00e4n 2023 rakentajamessuille! - Lammi Kivitalo\",\"isPartOf\":{\"@id\":\"https:\\\/\\\/www.lammi.fi\\\/kivitalo\\\/#website\"},\"primaryImageOfPage\":{\"@id\":\"https:\\\/\\\/www.lammi.fi\\\/kivitalo\\\/tervetuloa-kevaan-2023-rakentajamessuille\\\/#primaryimage\"},\"image\":{\"@id\":\"https:\\\/\\\/www.lammi.fi\\\/kivitalo\\\/tervetuloa-kevaan-2023-rakentajamessuille\\\/#primaryimage\"},\"thumbnailUrl\":\"https:\\\/\\\/www.lammi.fi\\\/kivitalo\\\/wp-content\\\/uploads\\\/sites\\\/2\\\/2023\\\/01\\\/messuosasto-finnb-1024x1024.jpeg\",\"datePublished\":\"2023-01-03T07:57:13+00:00\",\"breadcrumb\":{\"@id\":\"https:\\\/\\\/www.lammi.fi\\\/kivitalo\\\/tervetuloa-kevaan-2023-rakentajamessuille\\\/#breadcrumb\"},\"inLanguage\":\"fi\",\"potentialAction\":[{\"@type\":\"ReadAction\",\"target\":[\"https:\\\/\\\/www.lammi.fi\\\/kivitalo\\\/tervetuloa-kevaan-2023-rakentajamessuille\\\/\"]}]},{\"@type\":\"ImageObject\",\"inLanguage\":\"fi\",\"@id\":\"https:\\\/\\\/www.lammi.fi\\\/kivitalo\\\/tervetuloa-kevaan-2023-rakentajamessuille\\\/#primaryimage\",\"url\":\"https:\\\/\\\/www.lammi.fi\\\/kivitalo\\\/wp-content\\\/uploads\\\/sites\\\/2\\\/2023\\\/01\\\/messuosasto-finnb.jpeg\",\"contentUrl\":\"https:\\\/\\\/www.lammi.fi\\\/kivitalo\\\/wp-content\\\/uploads\\\/sites\\\/2\\\/2023\\\/01\\\/messuosasto-finnb.jpeg\",\"width\":1474,\"height\":1475},{\"@type\":\"BreadcrumbList\",\"@id\":\"https:\\\/\\\/www.lammi.fi\\\/kivitalo\\\/tervetuloa-kevaan-2023-rakentajamessuille\\\/#breadcrumb\",\"itemListElement\":[{\"@type\":\"ListItem\",\"position\":1,\"name\":\"Lammi.fi\",\"item\":\"https:\\\/\\\/www.lammi.fi\"},{\"@type\":\"ListItem\",\"position\":2,\"name\":\"Lammi Kivitalo\",\"item\":\"https:\\\/\\\/www.lammi.fi\\\/kivitalo\\\/\"},{\"@type\":\"ListItem\",\"position\":3,\"name\":\"Tervetuloa kev\u00e4\u00e4n 2023 rakentajamessuille!\"}]},{\"@type\":\"WebSite\",\"@id\":\"https:\\\/\\\/www.lammi.fi\\\/kivitalo\\\/#website\",\"url\":\"https:\\\/\\\/www.lammi.fi\\\/kivitalo\\\/\",\"name\":\"Lammi Kivitalo\",\"description\":\"\",\"publisher\":{\"@id\":\"https:\\\/\\\/www.lammi.fi\\\/kivitalo\\\/#organization\"},\"potentialAction\":[{\"@type\":\"SearchAction\",\"target\":{\"@type\":\"EntryPoint\",\"urlTemplate\":\"https:\\\/\\\/www.lammi.fi\\\/kivitalo\\\/?s={search_term_string}\"},\"query-input\":{\"@type\":\"PropertyValueSpecification\",\"valueRequired\":true,\"valueName\":\"search_term_string\"}}],\"inLanguage\":\"fi\"},{\"@type\":\"Organization\",\"@id\":\"https:\\\/\\\/www.lammi.fi\\\/kivitalo\\\/#organization\",\"name\":\"Lammi Kivitalo\",\"url\":\"https:\\\/\\\/www.lammi.fi\\\/kivitalo\\\/\",\"logo\":{\"@type\":\"ImageObject\",\"inLanguage\":\"fi\",\"@id\":\"https:\\\/\\\/www.lammi.fi\\\/kivitalo\\\/#\\\/schema\\\/logo\\\/image\\\/\",\"url\":\"https:\\\/\\\/www.lammi.fi\\\/kivitalo\\\/wp-content\\\/uploads\\\/sites\\\/2\\\/2018\\\/05\\\/cropped-lammi_logo.png\",\"contentUrl\":\"https:\\\/\\\/www.lammi.fi\\\/kivitalo\\\/wp-content\\\/uploads\\\/sites\\\/2\\\/2018\\\/05\\\/cropped-lammi_logo.png\",\"width\":240,\"height\":122,\"caption\":\"Lammi Kivitalo\"},\"image\":{\"@id\":\"https:\\\/\\\/www.lammi.fi\\\/kivitalo\\\/#\\\/schema\\\/logo\\\/image\\\/\"},\"sameAs\":[\"https:\\\/\\\/www.facebook.com\\\/LammiKivitalot\",\"https:\\\/\\\/www.instagram.com\\\/lammikivitalot\\\/\",\"https:\\\/\\\/fi.pinterest.com\\\/lammikivitalot\\\/\"]},{\"@type\":\"Person\",\"@id\":\"https:\\\/\\\/www.lammi.fi\\\/kivitalo\\\/#\\\/schema\\\/person\\\/b4a3064da35885c3f3143f2f1e605956\",\"name\":\"pauliinavesinen\",\"image\":{\"@type\":\"ImageObject\",\"inLanguage\":\"fi\",\"@id\":\"https:\\\/\\\/secure.gravatar.com\\\/avatar\\\/75f9fe104787598c7826b52e1d3fa84504f23df0ea52d0fe10cd3df366ef6d8f?s=96&d=mm&r=g\",\"url\":\"https:\\\/\\\/secure.gravatar.com\\\/avatar\\\/75f9fe104787598c7826b52e1d3fa84504f23df0ea52d0fe10cd3df366ef6d8f?s=96&d=mm&r=g\",\"contentUrl\":\"https:\\\/\\\/secure.gravatar.com\\\/avatar\\\/75f9fe104787598c7826b52e1d3fa84504f23df0ea52d0fe10cd3df366ef6d8f?s=96&d=mm&r=g\",\"caption\":\"pauliinavesinen\"},\"url\":\"https:\\\/\\\/www.lammi.fi\\\/kivitalo\\\/author\\\/pauliinavesinen\\\/\"}]}<\/script>\n<!-- \/ Yoast SEO plugin. -->","yoast_head_json":{"title":"Tervetuloa kev\u00e4\u00e4n 2023 rakentajamessuille! - Lammi Kivitalo","canonical":"https:\/\/www.lammi.fi\/kivitalo\/tervetuloa-kevaan-2023-rakentajamessuille\/","og_locale":"fi_FI","og_type":"article","og_title":"Tervetuloa kev\u00e4\u00e4n 2023 rakentajamessuille! - Lammi Kivitalo","og_description":"Olemme tuttuun tapaan mukana rakentajamessuilla 2023 ymp\u00e4ri Suomea. Tule tutustumaan kivirakentamisen mahdollisuuksiin ja keskustelemaan asiantuntijoidemme kanssa omista omakotirakentamisen toiveistasi, suunnitelmistasi tai k\u00e4ynniss\u00e4 olevasta hankkeestasi. TULEVAT MESSUT: 27.-29.1.2023 VANTAA: Rakenna &amp; Remontoi -messut, Myyrm\u00e4ki-halli 3.-5.2.2023 TAMPERE: Asta -messut, Tampereen Messu- ja Urheilukeskus 10.-12.2.2023 TURKU: Rakenna &amp; Sisusta -messut, Turun Messukeskus 25.-26.2.2023 KUOPIO: Rakenna ja Asu -messut, &hellip; Lue lis\u00e4\u00e4 \"Tervetuloa kev\u00e4\u00e4n 2023 rakentajamessuille!\"","og_url":"https:\/\/www.lammi.fi\/kivitalo\/tervetuloa-kevaan-2023-rakentajamessuille\/","og_site_name":"Lammi Kivitalo","article_publisher":"https:\/\/www.facebook.com\/LammiKivitalot","article_published_time":"2023-01-03T07:57:13+00:00","og_image":[{"url":"https:\/\/www.lammi.fi\/kivitalo\/wp-content\/uploads\/sites\/2\/2023\/01\/messuosasto-finnb-1024x1024.jpeg","type":"","width":"","height":""}],"author":"pauliinavesinen","twitter_card":"summary_large_image","twitter_misc":{"Kirjoittanut":"pauliinavesinen","Arvioitu lukuaika":"1 minuutti"},"schema":{"@context":"https:\/\/schema.org","@graph":[{"@type":"Article","@id":"https:\/\/www.lammi.fi\/kivitalo\/tervetuloa-kevaan-2023-rakentajamessuille\/#article","isPartOf":{"@id":"https:\/\/www.lammi.fi\/kivitalo\/tervetuloa-kevaan-2023-rakentajamessuille\/"},"author":{"name":"pauliinavesinen","@id":"https:\/\/www.lammi.fi\/kivitalo\/#\/schema\/person\/b4a3064da35885c3f3143f2f1e605956"},"headline":"Tervetuloa kev\u00e4\u00e4n 2023 rakentajamessuille!","datePublished":"2023-01-03T07:57:13+00:00","mainEntityOfPage":{"@id":"https:\/\/www.lammi.fi\/kivitalo\/tervetuloa-kevaan-2023-rakentajamessuille\/"},"wordCount":94,"publisher":{"@id":"https:\/\/www.lammi.fi\/kivitalo\/#organization"},"image":{"@id":"https:\/\/www.lammi.fi\/kivitalo\/tervetuloa-kevaan-2023-rakentajamessuille\/#primaryimage"},"thumbnailUrl":"https:\/\/www.lammi.fi\/kivitalo\/wp-content\/uploads\/sites\/2\/2023\/01\/messuosasto-finnb-1024x1024.jpeg","articleSection":["Ajankohtaista"],"inLanguage":"fi"},{"@type":"WebPage","@id":"https:\/\/www.lammi.fi\/kivitalo\/tervetuloa-kevaan-2023-rakentajamessuille\/","url":"https:\/\/www.lammi.fi\/kivitalo\/tervetuloa-kevaan-2023-rakentajamessuille\/","name":"Tervetuloa kev\u00e4\u00e4n 2023 rakentajamessuille! - Lammi Kivitalo","isPartOf":{"@id":"https:\/\/www.lammi.fi\/kivitalo\/#website"},"primaryImageOfPage":{"@id":"https:\/\/www.lammi.fi\/kivitalo\/tervetuloa-kevaan-2023-rakentajamessuille\/#primaryimage"},"image":{"@id":"https:\/\/www.lammi.fi\/kivitalo\/tervetuloa-kevaan-2023-rakentajamessuille\/#primaryimage"},"thumbnailUrl":"https:\/\/www.lammi.fi\/kivitalo\/wp-content\/uploads\/sites\/2\/2023\/01\/messuosasto-finnb-1024x1024.jpeg","datePublished":"2023-01-03T07:57:13+00:00","breadcrumb":{"@id":"https:\/\/www.lammi.fi\/kivitalo\/tervetuloa-kevaan-2023-rakentajamessuille\/#breadcrumb"},"inLanguage":"fi","potentialAction":[{"@type":"ReadAction","target":["https:\/\/www.lammi.fi\/kivitalo\/tervetuloa-kevaan-2023-rakentajamessuille\/"]}]},{"@type":"ImageObject","inLanguage":"fi","@id":"https:\/\/www.lammi.fi\/kivitalo\/tervetuloa-kevaan-2023-rakentajamessuille\/#primaryimage","url":"https:\/\/www.lammi.fi\/kivitalo\/wp-content\/uploads\/sites\/2\/2023\/01\/messuosasto-finnb.jpeg","contentUrl":"https:\/\/www.lammi.fi\/kivitalo\/wp-content\/uploads\/sites\/2\/2023\/01\/messuosasto-finnb.jpeg","width":1474,"height":1475},{"@type":"BreadcrumbList","@id":"https:\/\/www.lammi.fi\/kivitalo\/tervetuloa-kevaan-2023-rakentajamessuille\/#breadcrumb","itemListElement":[{"@type":"ListItem","position":1,"name":"Lammi.fi","item":"https:\/\/www.lammi.fi"},{"@type":"ListItem","position":2,"name":"Lammi Kivitalo","item":"https:\/\/www.lammi.fi\/kivitalo\/"},{"@type":"ListItem","position":3,"name":"Tervetuloa kev\u00e4\u00e4n 2023 rakentajamessuille!"}]},{"@type":"WebSite","@id":"https:\/\/www.lammi.fi\/kivitalo\/#website","url":"https:\/\/www.lammi.fi\/kivitalo\/","name":"Lammi Kivitalo","description":"","publisher":{"@id":"https:\/\/www.lammi.fi\/kivitalo\/#organization"},"potentialAction":[{"@type":"SearchAction","target":{"@type":"EntryPoint","urlTemplate":"https:\/\/www.lammi.fi\/kivitalo\/?s={search_term_string}"},"query-input":{"@type":"PropertyValueSpecification","valueRequired":true,"valueName":"search_term_string"}}],"inLanguage":"fi"},{"@type":"Organization","@id":"https:\/\/www.lammi.fi\/kivitalo\/#organization","name":"Lammi Kivitalo","url":"https:\/\/www.lammi.fi\/kivitalo\/","logo":{"@type":"ImageObject","inLanguage":"fi","@id":"https:\/\/www.lammi.fi\/kivitalo\/#\/schema\/logo\/image\/","url":"https:\/\/www.lammi.fi\/kivitalo\/wp-content\/uploads\/sites\/2\/2018\/05\/cropped-lammi_logo.png","contentUrl":"https:\/\/www.lammi.fi\/kivitalo\/wp-content\/uploads\/sites\/2\/2018\/05\/cropped-lammi_logo.png","width":240,"height":122,"caption":"Lammi Kivitalo"},"image":{"@id":"https:\/\/www.lammi.fi\/kivitalo\/#\/schema\/logo\/image\/"},"sameAs":["https:\/\/www.facebook.com\/LammiKivitalot","https:\/\/www.instagram.com\/lammikivitalot\/","https:\/\/fi.pinterest.com\/lammikivitalot\/"]},{"@type":"Person","@id":"https:\/\/www.lammi.fi\/kivitalo\/#\/schema\/person\/b4a3064da35885c3f3143f2f1e605956","name":"pauliinavesinen","image":{"@type":"ImageObject","inLanguage":"fi","@id":"https:\/\/secure.gravatar.com\/avatar\/75f9fe104787598c7826b52e1d3fa84504f23df0ea52d0fe10cd3df366ef6d8f?s=96&d=mm&r=g","url":"https:\/\/secure.gravatar.com\/avatar\/75f9fe104787598c7826b52e1d3fa84504f23df0ea52d0fe10cd3df366ef6d8f?s=96&d=mm&r=g","contentUrl":"https:\/\/secure.gravatar.com\/avatar\/75f9fe104787598c7826b52e1d3fa84504f23df0ea52d0fe10cd3df366ef6d8f?s=96&d=mm&r=g","caption":"pauliinavesinen"},"url":"https:\/\/www.lammi.fi\/kivitalo\/author\/pauliinavesinen\/"}]}},"_links":{"self":[{"href":"https:\/\/www.lammi.fi\/kivitalo\/wp-json\/wp\/v2\/posts\/7925","targetHints":{"allow":["GET"]}}],"collection":[{"href":"https:\/\/www.lammi.fi\/kivitalo\/wp-json\/wp\/v2\/posts"}],"about":[{"href":"https:\/\/www.lammi.fi\/kivitalo\/wp-json\/wp\/v2\/types\/post"}],"author":[{"embeddable":true,"href":"https:\/\/www.lammi.fi\/kivitalo\/wp-json\/wp\/v2\/users\/11"}],"replies":[{"embeddable":true,"href":"https:\/\/www.lammi.fi\/kivitalo\/wp-json\/wp\/v2\/comments?post=7925"}],"version-history":[{"count":1,"href":"https:\/\/www.lammi.fi\/kivitalo\/wp-json\/wp\/v2\/posts\/7925\/revisions"}],"predecessor-version":[{"id":7928,"href":"https:\/\/www.lammi.fi\/kivitalo\/wp-json\/wp\/v2\/posts\/7925\/revisions\/7928"}],"wp:attachment":[{"href":"https:\/\/www.lammi.fi\/kivitalo\/wp-json\/wp\/v2\/media?parent=7925"}],"wp:term":[{"taxonomy":"category","embeddable":true,"href":"https:\/\/www.lammi.fi\/kivitalo\/wp-json\/wp\/v2\/categories?post=7925"},{"taxonomy":"post_tag","embeddable":true,"href":"https:\/\/www.lammi.fi\/kivitalo\/wp-json\/wp\/v2\/tags?post=7925"}],"curies":[{"name":"wp","href":"https:\/\/api.w.org\/{rel}","templated":true}]}}