{"id":3614,"date":"2019-12-20T13:19:22","date_gmt":"2019-12-20T13:19:22","guid":{"rendered":"https:\/\/www.lammi.fi\/kivitalo?p=3614"},"modified":"2020-01-08T09:32:26","modified_gmt":"2020-01-08T09:32:26","slug":"tulossa-taloesittely-lahdessa-su-12-1-2020","status":"publish","type":"post","link":"https:\/\/www.lammi.fi\/kivitalo\/tulossa-taloesittely-lahdessa-su-12-1-2020\/","title":{"rendered":"Taloesittely Lahdessa su 12.1.2020 klo 16-18"},"content":{"rendered":"\n<figure class=\"wp-block-image size-large\"><img decoding=\"async\" width=\"1024\" height=\"512\" src=\"https:\/\/www.lammi.fi\/kivitalo\/wp-content\/uploads\/sites\/2\/2019\/12\/TE-Lahti-tammikuu-1024x512.jpg\" alt=\"\" class=\"wp-image-3615\" srcset=\"https:\/\/www.lammi.fi\/kivitalo\/wp-content\/uploads\/sites\/2\/2019\/12\/TE-Lahti-tammikuu-1024x512.jpg 1024w, https:\/\/www.lammi.fi\/kivitalo\/wp-content\/uploads\/sites\/2\/2019\/12\/TE-Lahti-tammikuu-300x150.jpg 300w, https:\/\/www.lammi.fi\/kivitalo\/wp-content\/uploads\/sites\/2\/2019\/12\/TE-Lahti-tammikuu-768x384.jpg 768w, https:\/\/www.lammi.fi\/kivitalo\/wp-content\/uploads\/sites\/2\/2019\/12\/TE-Lahti-tammikuu-1536x768.jpg 1536w, https:\/\/www.lammi.fi\/kivitalo\/wp-content\/uploads\/sites\/2\/2019\/12\/TE-Lahti-tammikuu-2048x1024.jpg 2048w, https:\/\/www.lammi.fi\/kivitalo\/wp-content\/uploads\/sites\/2\/2019\/12\/TE-Lahti-tammikuu-1200x600.jpg 1200w, https:\/\/www.lammi.fi\/kivitalo\/wp-content\/uploads\/sites\/2\/2019\/12\/TE-Lahti-tammikuu-260x130.jpg 260w, https:\/\/www.lammi.fi\/kivitalo\/wp-content\/uploads\/sites\/2\/2019\/12\/TE-Lahti-tammikuu-1815x907.jpg 1815w\" sizes=\"(max-width: 1024px) 100vw, 1024px\" \/><\/figure>\n\n\n<p>Esittelemme muuttovalmiin 1-kerroksisen Lammi Kivitalon Lahdessa osoitteessa <a href=\"https:\/\/www.google.fi\/maps\/place\/Tulikukankatu,+15610+Lahti\/@60.958383,25.6308043,16.72z\/data=!4m5!3m4!1s0x468e286508fc2845:0x1dc2893207f053f8!8m2!3d60.9579237!4d25.6327149\" target=\"_blank\" rel=\"noopener noreferrer\">Tulikukankatu 21, 15610 Lahti<\/a><\/p>\n<p>Ilmoittaudu taloesittelyyn <a href=\"https:\/\/my.surveypal.com\/Taloesittely-Lahti-tammikuu-2020\" target=\"_blank\" rel=\"noopener noreferrer\">t\u00e4st\u00e4.<\/a><\/p>\n<p>Kohteessa on 3 makuuhuonetta, yhdistetty keitti\u00f6-olohuone, sauna+pesuhuone, kodinhoitohuone sek\u00e4 autokatos ja autotalli. Talon julkisivu on viel\u00e4 rappaamaton. <br data-rich-text-line-break=\"true\" \/><br data-rich-text-line-break=\"true\" \/>Talon kerrosala on 224m\u00b2 ja huoneistoala\u00a0155m\u00b2. <br \/>Tervetuloa!<\/p>","protected":false},"excerpt":{"rendered":"<p>Esittelemme muuttovalmiin 1-kerroksisen Lammi Kivitalon Lahdessa osoitteessa Tulikukankatu 21, 15610 Lahti Ilmoittaudu taloesittelyyn t\u00e4st\u00e4. Kohteessa on 3 makuuhuonetta, yhdistetty keitti\u00f6-olohuone, sauna+pesuhuone, kodinhoitohuone sek\u00e4 autokatos ja autotalli. Talon julkisivu on viel\u00e4 rappaamaton. Talon kerrosala on 224m\u00b2 ja huoneistoala\u00a0155m\u00b2. Tervetuloa!<\/p>\n","protected":false},"author":5,"featured_media":0,"comment_status":"closed","ping_status":"closed","sticky":false,"template":"","format":"standard","meta":{"_acf_changed":false,"_improvement_type_select":"improve_an_existing","_thumb_yes_seoaic":false,"_frame_yes_seoaic":false,"seoaic_generate_description":"","seoaic_improve_instructions_prompt":"","seoaic_rollback_content_improvement":"","seoaic_idea_thumbnail_generator":"","thumbnail_generated":false,"thumbnail_generate_prompt":"","seoaic_article_description":"","seoaic_article_subtitles":[],"footnotes":""},"categories":[1],"tags":[],"class_list":["post-3614","post","type-post","status-publish","format-standard","hentry","category-ajankohtaista"],"acf":[],"yoast_head":"<!-- This site is optimized with the Yoast SEO plugin v27.4 - https:\/\/yoast.com\/product\/yoast-seo-wordpress\/ -->\n<title>Taloesittely Lahdessa su 12.1.2020 klo 16-18 - Lammi Kivitalo<\/title>\n<link rel=\"canonical\" href=\"https:\/\/www.lammi.fi\/kivitalo\/tulossa-taloesittely-lahdessa-su-12-1-2020\/\" \/>\n<meta property=\"og:locale\" content=\"fi_FI\" \/>\n<meta property=\"og:type\" content=\"article\" \/>\n<meta property=\"og:title\" content=\"Taloesittely Lahdessa su 12.1.2020 klo 16-18 - Lammi Kivitalo\" \/>\n<meta property=\"og:description\" content=\"Esittelemme muuttovalmiin 1-kerroksisen Lammi Kivitalon Lahdessa osoitteessa Tulikukankatu 21, 15610 Lahti Ilmoittaudu taloesittelyyn t\u00e4st\u00e4. Kohteessa on 3 makuuhuonetta, yhdistetty keitti\u00f6-olohuone, sauna+pesuhuone, kodinhoitohuone sek\u00e4 autokatos ja autotalli. Talon julkisivu on viel\u00e4 rappaamaton. Talon kerrosala on 224m\u00b2 ja huoneistoala\u00a0155m\u00b2. Tervetuloa!\" \/>\n<meta property=\"og:url\" content=\"https:\/\/www.lammi.fi\/kivitalo\/tulossa-taloesittely-lahdessa-su-12-1-2020\/\" \/>\n<meta property=\"og:site_name\" content=\"Lammi Kivitalo\" \/>\n<meta property=\"article:publisher\" content=\"https:\/\/www.facebook.com\/LammiKivitalot\" \/>\n<meta property=\"article:published_time\" content=\"2019-12-20T13:19:22+00:00\" \/>\n<meta property=\"article:modified_time\" content=\"2020-01-08T09:32:26+00:00\" \/>\n<meta property=\"og:image\" content=\"https:\/\/www.lammi.fi\/kivitalo\/wp-content\/uploads\/sites\/2\/2019\/12\/TE-Lahti-tammikuu-1024x512.jpg\" \/>\n<meta name=\"author\" content=\"marjomaki\" \/>\n<meta name=\"twitter:card\" content=\"summary_large_image\" \/>\n<meta name=\"twitter:label1\" content=\"Kirjoittanut\" \/>\n\t<meta name=\"twitter:data1\" content=\"marjomaki\" \/>\n<script type=\"application\/ld+json\" class=\"yoast-schema-graph\">{\"@context\":\"https:\\\/\\\/schema.org\",\"@graph\":[{\"@type\":\"Article\",\"@id\":\"https:\\\/\\\/www.lammi.fi\\\/kivitalo\\\/tulossa-taloesittely-lahdessa-su-12-1-2020\\\/#article\",\"isPartOf\":{\"@id\":\"https:\\\/\\\/www.lammi.fi\\\/kivitalo\\\/tulossa-taloesittely-lahdessa-su-12-1-2020\\\/\"},\"author\":{\"name\":\"marjomaki\",\"@id\":\"https:\\\/\\\/www.lammi.fi\\\/kivitalo\\\/#\\\/schema\\\/person\\\/f9ac305c92f2ee4ad0bdd3bb37b2172e\"},\"headline\":\"Taloesittely Lahdessa su 12.1.2020 klo 16-18\",\"datePublished\":\"2019-12-20T13:19:22+00:00\",\"dateModified\":\"2020-01-08T09:32:26+00:00\",\"mainEntityOfPage\":{\"@id\":\"https:\\\/\\\/www.lammi.fi\\\/kivitalo\\\/tulossa-taloesittely-lahdessa-su-12-1-2020\\\/\"},\"wordCount\":44,\"publisher\":{\"@id\":\"https:\\\/\\\/www.lammi.fi\\\/kivitalo\\\/#organization\"},\"image\":{\"@id\":\"https:\\\/\\\/www.lammi.fi\\\/kivitalo\\\/tulossa-taloesittely-lahdessa-su-12-1-2020\\\/#primaryimage\"},\"thumbnailUrl\":\"https:\\\/\\\/www.lammi.fi\\\/kivitalo\\\/wp-content\\\/uploads\\\/sites\\\/2\\\/2019\\\/12\\\/TE-Lahti-tammikuu-1024x512.jpg\",\"articleSection\":[\"Ajankohtaista\"],\"inLanguage\":\"fi\"},{\"@type\":\"WebPage\",\"@id\":\"https:\\\/\\\/www.lammi.fi\\\/kivitalo\\\/tulossa-taloesittely-lahdessa-su-12-1-2020\\\/\",\"url\":\"https:\\\/\\\/www.lammi.fi\\\/kivitalo\\\/tulossa-taloesittely-lahdessa-su-12-1-2020\\\/\",\"name\":\"Taloesittely Lahdessa su 12.1.2020 klo 16-18 - Lammi Kivitalo\",\"isPartOf\":{\"@id\":\"https:\\\/\\\/www.lammi.fi\\\/kivitalo\\\/#website\"},\"primaryImageOfPage\":{\"@id\":\"https:\\\/\\\/www.lammi.fi\\\/kivitalo\\\/tulossa-taloesittely-lahdessa-su-12-1-2020\\\/#primaryimage\"},\"image\":{\"@id\":\"https:\\\/\\\/www.lammi.fi\\\/kivitalo\\\/tulossa-taloesittely-lahdessa-su-12-1-2020\\\/#primaryimage\"},\"thumbnailUrl\":\"https:\\\/\\\/www.lammi.fi\\\/kivitalo\\\/wp-content\\\/uploads\\\/sites\\\/2\\\/2019\\\/12\\\/TE-Lahti-tammikuu-1024x512.jpg\",\"datePublished\":\"2019-12-20T13:19:22+00:00\",\"dateModified\":\"2020-01-08T09:32:26+00:00\",\"breadcrumb\":{\"@id\":\"https:\\\/\\\/www.lammi.fi\\\/kivitalo\\\/tulossa-taloesittely-lahdessa-su-12-1-2020\\\/#breadcrumb\"},\"inLanguage\":\"fi\",\"potentialAction\":[{\"@type\":\"ReadAction\",\"target\":[\"https:\\\/\\\/www.lammi.fi\\\/kivitalo\\\/tulossa-taloesittely-lahdessa-su-12-1-2020\\\/\"]}]},{\"@type\":\"ImageObject\",\"inLanguage\":\"fi\",\"@id\":\"https:\\\/\\\/www.lammi.fi\\\/kivitalo\\\/tulossa-taloesittely-lahdessa-su-12-1-2020\\\/#primaryimage\",\"url\":\"https:\\\/\\\/www.lammi.fi\\\/kivitalo\\\/wp-content\\\/uploads\\\/sites\\\/2\\\/2019\\\/12\\\/TE-Lahti-tammikuu-scaled.jpg\",\"contentUrl\":\"https:\\\/\\\/www.lammi.fi\\\/kivitalo\\\/wp-content\\\/uploads\\\/sites\\\/2\\\/2019\\\/12\\\/TE-Lahti-tammikuu-scaled.jpg\",\"width\":2560,\"height\":1280},{\"@type\":\"BreadcrumbList\",\"@id\":\"https:\\\/\\\/www.lammi.fi\\\/kivitalo\\\/tulossa-taloesittely-lahdessa-su-12-1-2020\\\/#breadcrumb\",\"itemListElement\":[{\"@type\":\"ListItem\",\"position\":1,\"name\":\"Lammi.fi\",\"item\":\"https:\\\/\\\/www.lammi.fi\"},{\"@type\":\"ListItem\",\"position\":2,\"name\":\"Lammi Kivitalo\",\"item\":\"https:\\\/\\\/www.lammi.fi\\\/kivitalo\\\/\"},{\"@type\":\"ListItem\",\"position\":3,\"name\":\"Taloesittely Lahdessa su 12.1.2020 klo 16-18\"}]},{\"@type\":\"WebSite\",\"@id\":\"https:\\\/\\\/www.lammi.fi\\\/kivitalo\\\/#website\",\"url\":\"https:\\\/\\\/www.lammi.fi\\\/kivitalo\\\/\",\"name\":\"Lammi Kivitalo\",\"description\":\"\",\"publisher\":{\"@id\":\"https:\\\/\\\/www.lammi.fi\\\/kivitalo\\\/#organization\"},\"potentialAction\":[{\"@type\":\"SearchAction\",\"target\":{\"@type\":\"EntryPoint\",\"urlTemplate\":\"https:\\\/\\\/www.lammi.fi\\\/kivitalo\\\/?s={search_term_string}\"},\"query-input\":{\"@type\":\"PropertyValueSpecification\",\"valueRequired\":true,\"valueName\":\"search_term_string\"}}],\"inLanguage\":\"fi\"},{\"@type\":\"Organization\",\"@id\":\"https:\\\/\\\/www.lammi.fi\\\/kivitalo\\\/#organization\",\"name\":\"Lammi Kivitalo\",\"url\":\"https:\\\/\\\/www.lammi.fi\\\/kivitalo\\\/\",\"logo\":{\"@type\":\"ImageObject\",\"inLanguage\":\"fi\",\"@id\":\"https:\\\/\\\/www.lammi.fi\\\/kivitalo\\\/#\\\/schema\\\/logo\\\/image\\\/\",\"url\":\"https:\\\/\\\/www.lammi.fi\\\/kivitalo\\\/wp-content\\\/uploads\\\/sites\\\/2\\\/2018\\\/05\\\/cropped-lammi_logo.png\",\"contentUrl\":\"https:\\\/\\\/www.lammi.fi\\\/kivitalo\\\/wp-content\\\/uploads\\\/sites\\\/2\\\/2018\\\/05\\\/cropped-lammi_logo.png\",\"width\":240,\"height\":122,\"caption\":\"Lammi Kivitalo\"},\"image\":{\"@id\":\"https:\\\/\\\/www.lammi.fi\\\/kivitalo\\\/#\\\/schema\\\/logo\\\/image\\\/\"},\"sameAs\":[\"https:\\\/\\\/www.facebook.com\\\/LammiKivitalot\",\"https:\\\/\\\/www.instagram.com\\\/lammikivitalot\\\/\",\"https:\\\/\\\/fi.pinterest.com\\\/lammikivitalot\\\/\"]},{\"@type\":\"Person\",\"@id\":\"https:\\\/\\\/www.lammi.fi\\\/kivitalo\\\/#\\\/schema\\\/person\\\/f9ac305c92f2ee4ad0bdd3bb37b2172e\",\"name\":\"marjomaki\",\"image\":{\"@type\":\"ImageObject\",\"inLanguage\":\"fi\",\"@id\":\"https:\\\/\\\/secure.gravatar.com\\\/avatar\\\/47fc6a07c59ef13a430c7cca93176f84d291ac27d58ce3bf31a32957e772594b?s=96&d=mm&r=g\",\"url\":\"https:\\\/\\\/secure.gravatar.com\\\/avatar\\\/47fc6a07c59ef13a430c7cca93176f84d291ac27d58ce3bf31a32957e772594b?s=96&d=mm&r=g\",\"contentUrl\":\"https:\\\/\\\/secure.gravatar.com\\\/avatar\\\/47fc6a07c59ef13a430c7cca93176f84d291ac27d58ce3bf31a32957e772594b?s=96&d=mm&r=g\",\"caption\":\"marjomaki\"},\"url\":\"https:\\\/\\\/www.lammi.fi\\\/kivitalo\\\/author\\\/marjomaki\\\/\"}]}<\/script>\n<!-- \/ Yoast SEO plugin. -->","yoast_head_json":{"title":"Taloesittely Lahdessa su 12.1.2020 klo 16-18 - Lammi Kivitalo","canonical":"https:\/\/www.lammi.fi\/kivitalo\/tulossa-taloesittely-lahdessa-su-12-1-2020\/","og_locale":"fi_FI","og_type":"article","og_title":"Taloesittely Lahdessa su 12.1.2020 klo 16-18 - Lammi Kivitalo","og_description":"Esittelemme muuttovalmiin 1-kerroksisen Lammi Kivitalon Lahdessa osoitteessa Tulikukankatu 21, 15610 Lahti Ilmoittaudu taloesittelyyn t\u00e4st\u00e4. Kohteessa on 3 makuuhuonetta, yhdistetty keitti\u00f6-olohuone, sauna+pesuhuone, kodinhoitohuone sek\u00e4 autokatos ja autotalli. Talon julkisivu on viel\u00e4 rappaamaton. Talon kerrosala on 224m\u00b2 ja huoneistoala\u00a0155m\u00b2. Tervetuloa!","og_url":"https:\/\/www.lammi.fi\/kivitalo\/tulossa-taloesittely-lahdessa-su-12-1-2020\/","og_site_name":"Lammi Kivitalo","article_publisher":"https:\/\/www.facebook.com\/LammiKivitalot","article_published_time":"2019-12-20T13:19:22+00:00","article_modified_time":"2020-01-08T09:32:26+00:00","og_image":[{"url":"https:\/\/www.lammi.fi\/kivitalo\/wp-content\/uploads\/sites\/2\/2019\/12\/TE-Lahti-tammikuu-1024x512.jpg","type":"","width":"","height":""}],"author":"marjomaki","twitter_card":"summary_large_image","twitter_misc":{"Kirjoittanut":"marjomaki"},"schema":{"@context":"https:\/\/schema.org","@graph":[{"@type":"Article","@id":"https:\/\/www.lammi.fi\/kivitalo\/tulossa-taloesittely-lahdessa-su-12-1-2020\/#article","isPartOf":{"@id":"https:\/\/www.lammi.fi\/kivitalo\/tulossa-taloesittely-lahdessa-su-12-1-2020\/"},"author":{"name":"marjomaki","@id":"https:\/\/www.lammi.fi\/kivitalo\/#\/schema\/person\/f9ac305c92f2ee4ad0bdd3bb37b2172e"},"headline":"Taloesittely Lahdessa su 12.1.2020 klo 16-18","datePublished":"2019-12-20T13:19:22+00:00","dateModified":"2020-01-08T09:32:26+00:00","mainEntityOfPage":{"@id":"https:\/\/www.lammi.fi\/kivitalo\/tulossa-taloesittely-lahdessa-su-12-1-2020\/"},"wordCount":44,"publisher":{"@id":"https:\/\/www.lammi.fi\/kivitalo\/#organization"},"image":{"@id":"https:\/\/www.lammi.fi\/kivitalo\/tulossa-taloesittely-lahdessa-su-12-1-2020\/#primaryimage"},"thumbnailUrl":"https:\/\/www.lammi.fi\/kivitalo\/wp-content\/uploads\/sites\/2\/2019\/12\/TE-Lahti-tammikuu-1024x512.jpg","articleSection":["Ajankohtaista"],"inLanguage":"fi"},{"@type":"WebPage","@id":"https:\/\/www.lammi.fi\/kivitalo\/tulossa-taloesittely-lahdessa-su-12-1-2020\/","url":"https:\/\/www.lammi.fi\/kivitalo\/tulossa-taloesittely-lahdessa-su-12-1-2020\/","name":"Taloesittely Lahdessa su 12.1.2020 klo 16-18 - Lammi Kivitalo","isPartOf":{"@id":"https:\/\/www.lammi.fi\/kivitalo\/#website"},"primaryImageOfPage":{"@id":"https:\/\/www.lammi.fi\/kivitalo\/tulossa-taloesittely-lahdessa-su-12-1-2020\/#primaryimage"},"image":{"@id":"https:\/\/www.lammi.fi\/kivitalo\/tulossa-taloesittely-lahdessa-su-12-1-2020\/#primaryimage"},"thumbnailUrl":"https:\/\/www.lammi.fi\/kivitalo\/wp-content\/uploads\/sites\/2\/2019\/12\/TE-Lahti-tammikuu-1024x512.jpg","datePublished":"2019-12-20T13:19:22+00:00","dateModified":"2020-01-08T09:32:26+00:00","breadcrumb":{"@id":"https:\/\/www.lammi.fi\/kivitalo\/tulossa-taloesittely-lahdessa-su-12-1-2020\/#breadcrumb"},"inLanguage":"fi","potentialAction":[{"@type":"ReadAction","target":["https:\/\/www.lammi.fi\/kivitalo\/tulossa-taloesittely-lahdessa-su-12-1-2020\/"]}]},{"@type":"ImageObject","inLanguage":"fi","@id":"https:\/\/www.lammi.fi\/kivitalo\/tulossa-taloesittely-lahdessa-su-12-1-2020\/#primaryimage","url":"https:\/\/www.lammi.fi\/kivitalo\/wp-content\/uploads\/sites\/2\/2019\/12\/TE-Lahti-tammikuu-scaled.jpg","contentUrl":"https:\/\/www.lammi.fi\/kivitalo\/wp-content\/uploads\/sites\/2\/2019\/12\/TE-Lahti-tammikuu-scaled.jpg","width":2560,"height":1280},{"@type":"BreadcrumbList","@id":"https:\/\/www.lammi.fi\/kivitalo\/tulossa-taloesittely-lahdessa-su-12-1-2020\/#breadcrumb","itemListElement":[{"@type":"ListItem","position":1,"name":"Lammi.fi","item":"https:\/\/www.lammi.fi"},{"@type":"ListItem","position":2,"name":"Lammi Kivitalo","item":"https:\/\/www.lammi.fi\/kivitalo\/"},{"@type":"ListItem","position":3,"name":"Taloesittely Lahdessa su 12.1.2020 klo 16-18"}]},{"@type":"WebSite","@id":"https:\/\/www.lammi.fi\/kivitalo\/#website","url":"https:\/\/www.lammi.fi\/kivitalo\/","name":"Lammi Kivitalo","description":"","publisher":{"@id":"https:\/\/www.lammi.fi\/kivitalo\/#organization"},"potentialAction":[{"@type":"SearchAction","target":{"@type":"EntryPoint","urlTemplate":"https:\/\/www.lammi.fi\/kivitalo\/?s={search_term_string}"},"query-input":{"@type":"PropertyValueSpecification","valueRequired":true,"valueName":"search_term_string"}}],"inLanguage":"fi"},{"@type":"Organization","@id":"https:\/\/www.lammi.fi\/kivitalo\/#organization","name":"Lammi Kivitalo","url":"https:\/\/www.lammi.fi\/kivitalo\/","logo":{"@type":"ImageObject","inLanguage":"fi","@id":"https:\/\/www.lammi.fi\/kivitalo\/#\/schema\/logo\/image\/","url":"https:\/\/www.lammi.fi\/kivitalo\/wp-content\/uploads\/sites\/2\/2018\/05\/cropped-lammi_logo.png","contentUrl":"https:\/\/www.lammi.fi\/kivitalo\/wp-content\/uploads\/sites\/2\/2018\/05\/cropped-lammi_logo.png","width":240,"height":122,"caption":"Lammi Kivitalo"},"image":{"@id":"https:\/\/www.lammi.fi\/kivitalo\/#\/schema\/logo\/image\/"},"sameAs":["https:\/\/www.facebook.com\/LammiKivitalot","https:\/\/www.instagram.com\/lammikivitalot\/","https:\/\/fi.pinterest.com\/lammikivitalot\/"]},{"@type":"Person","@id":"https:\/\/www.lammi.fi\/kivitalo\/#\/schema\/person\/f9ac305c92f2ee4ad0bdd3bb37b2172e","name":"marjomaki","image":{"@type":"ImageObject","inLanguage":"fi","@id":"https:\/\/secure.gravatar.com\/avatar\/47fc6a07c59ef13a430c7cca93176f84d291ac27d58ce3bf31a32957e772594b?s=96&d=mm&r=g","url":"https:\/\/secure.gravatar.com\/avatar\/47fc6a07c59ef13a430c7cca93176f84d291ac27d58ce3bf31a32957e772594b?s=96&d=mm&r=g","contentUrl":"https:\/\/secure.gravatar.com\/avatar\/47fc6a07c59ef13a430c7cca93176f84d291ac27d58ce3bf31a32957e772594b?s=96&d=mm&r=g","caption":"marjomaki"},"url":"https:\/\/www.lammi.fi\/kivitalo\/author\/marjomaki\/"}]}},"_links":{"self":[{"href":"https:\/\/www.lammi.fi\/kivitalo\/wp-json\/wp\/v2\/posts\/3614","targetHints":{"allow":["GET"]}}],"collection":[{"href":"https:\/\/www.lammi.fi\/kivitalo\/wp-json\/wp\/v2\/posts"}],"about":[{"href":"https:\/\/www.lammi.fi\/kivitalo\/wp-json\/wp\/v2\/types\/post"}],"author":[{"embeddable":true,"href":"https:\/\/www.lammi.fi\/kivitalo\/wp-json\/wp\/v2\/users\/5"}],"replies":[{"embeddable":true,"href":"https:\/\/www.lammi.fi\/kivitalo\/wp-json\/wp\/v2\/comments?post=3614"}],"version-history":[{"count":4,"href":"https:\/\/www.lammi.fi\/kivitalo\/wp-json\/wp\/v2\/posts\/3614\/revisions"}],"predecessor-version":[{"id":3626,"href":"https:\/\/www.lammi.fi\/kivitalo\/wp-json\/wp\/v2\/posts\/3614\/revisions\/3626"}],"wp:attachment":[{"href":"https:\/\/www.lammi.fi\/kivitalo\/wp-json\/wp\/v2\/media?parent=3614"}],"wp:term":[{"taxonomy":"category","embeddable":true,"href":"https:\/\/www.lammi.fi\/kivitalo\/wp-json\/wp\/v2\/categories?post=3614"},{"taxonomy":"post_tag","embeddable":true,"href":"https:\/\/www.lammi.fi\/kivitalo\/wp-json\/wp\/v2\/tags?post=3614"}],"curies":[{"name":"wp","href":"https:\/\/api.w.org\/{rel}","templated":true}]}}