{"id":1754,"date":"2018-07-04T13:26:36","date_gmt":"2018-07-04T13:26:36","guid":{"rendered":"https:\/\/www.lammi.fi\/kivitalo\/?p=1754"},"modified":"2018-08-30T13:29:40","modified_gmt":"2018-08-30T13:29:40","slug":"tervetuloa-porin-asuntomessuille","status":"publish","type":"post","link":"https:\/\/www.lammi.fi\/kivitalo\/tervetuloa-porin-asuntomessuille\/","title":{"rendered":"Tervetuloa Porin Asuntomessuille!"},"content":{"rendered":"<p>Porin Asuntomessut alkavat perjantaina 6.7.2018 klo 10. Lammi Kivitalo-kohteet 20. Casakivi ja 21. Jokilammi avaavat ovensa yleis\u00f6lle ja toivottavat messuvieraat l\u00e4mpim\u00e4sti tervetulleiksi. Lammin Betoni-konsernin oma messuosasto sijaitsee Jokilammi-kohteessa.<br \/>\nTule tapaamaan paikan p\u00e4\u00e4lle talomyyji\u00e4mme ja keskustelemaan kivirakentamisesta.<\/p>\n<p><strong>20. Casakivi<\/strong><\/p>\n<p>Toiminnallista ja tehokasta &#8211; avarasti yhdess\u00e4 tasossa<\/p>\n<p><img decoding=\"async\" class=\"alignnone size-large wp-image-1756\" src=\"https:\/\/www.lammi.fi\/kivitalo\/wp-content\/uploads\/sites\/2\/2018\/07\/Lammi-Kivitalot-talo-Casakivi-kohde-20_22-1024x563.jpg\" alt=\"\" width=\"840\" height=\"462\" srcset=\"https:\/\/www.lammi.fi\/kivitalo\/wp-content\/uploads\/sites\/2\/2018\/07\/Lammi-Kivitalot-talo-Casakivi-kohde-20_22-1024x563.jpg 1024w, https:\/\/www.lammi.fi\/kivitalo\/wp-content\/uploads\/sites\/2\/2018\/07\/Lammi-Kivitalot-talo-Casakivi-kohde-20_22-300x165.jpg 300w, https:\/\/www.lammi.fi\/kivitalo\/wp-content\/uploads\/sites\/2\/2018\/07\/Lammi-Kivitalot-talo-Casakivi-kohde-20_22-768x422.jpg 768w, https:\/\/www.lammi.fi\/kivitalo\/wp-content\/uploads\/sites\/2\/2018\/07\/Lammi-Kivitalot-talo-Casakivi-kohde-20_22-1200x660.jpg 1200w\" sizes=\"(max-width: 709px) 85vw, (max-width: 909px) 67vw, (max-width: 1362px) 62vw, 840px\" \/><\/p>\n<p>5h+k+s+autokatos+varasto<br \/>\nHuoneistoala: 184 m2<\/p>\n<p>P\u00e4\u00e4suunnittelija: Arkkitehtitoimisto Kirsti Kanerva Ky, Kirsti Kanerva<br \/>\nN\u00e4ytteilleasettaja: Lammin Betoni Oy, Lammi-Kivitalot<br \/>\nSisustus: Pentik Oy, Rock My Business \/ Riia Rauhala ja Emmi Vappula<br \/>\nLaatoitus: Pukkila Oy<br \/>\nKeitti\u00f6: Puustelli Group Oy<br \/>\nKiinte\u00e4 ja ulkovalaistus: Winled Oy<br \/>\nTakka: Uunisep\u00e4t<br \/>\nMaalit: Tikkurila Oyj<\/p>\n<p>Casakivi on suunniteltu kaksilapsiselle perheelle. Suunnittelun l\u00e4ht\u00f6kohtana oli perheen toive yksitasoisesta kodista, jossa on paljon avaraa tilaa ja jonka ratkaisut mahdollistavat helpon ja mukavan asumisen. Talon korkeimmassa tilassa, yhten\u00e4isess\u00e4 keitti\u00f6- ja olohuoneessa, luonnonvalo p\u00e4\u00e4see sis\u00e4\u00e4n talon molemmin puolin kulkevien suurten ikkunapintojen kautta luoden tilasta valoisan ja avaran. Olohuoneen liukulasisein\u00e4 avautuu suojaisaan pergolaan, joka jatkaa tilaa kauniisti ulos.<\/p>\n<p>Talon pohjaratkaisu on toiminnallinen ja ratkaisut toimivat yhdess\u00e4 tasossa hyvin tehokkaasti. Kaikki toiminnot on sijoitettu pohjaan fiksusti siten, ett\u00e4 arjen askareet sujuvat helposti ja rentoon oleskeluun on tilaa ja tarvittaessa my\u00f6s yksityisyytt\u00e4.<br \/>\nTaloa ymp\u00e4r\u00f6i piha-alue istutuksineen. Piha-alueella on paikka my\u00f6s marjapensaille ja pienviljelylle. Arkkitehtuuri ja sisustus noudattavat yksinkertaista ja selke\u00e4\u00e4 linjaa ja kerroksellisten ratkaisujen kautta talon ja sen sisustuksen yksityiskohdat tulevat tyylikk\u00e4\u00e4sti esille.<\/p>\n<p>Talon valaistus ja kulunvalvonta voidaan ohjata huoneisiin sijoitettavien kosketusn\u00e4ytt\u00f6jen ja mobiililaitteiden avulla. L\u00e4mmitys- ja j\u00e4\u00e4hdytystarve toteutetaan geoenergiaa hy\u00f6dynt\u00e4m\u00e4ll\u00e4. Osa talon s\u00e4hk\u00f6energian tarpeesta saadaan katolle asennettavan aurinkos\u00e4hk\u00f6j\u00e4rjestelm\u00e4n avulla.<\/p>\n<p><img decoding=\"async\" class=\"alignnone size-large wp-image-1771\" src=\"https:\/\/www.lammi.fi\/kivitalo\/wp-content\/uploads\/sites\/2\/2018\/07\/Lammi-Kivitalot_20.Casakivi_pohja_vaaka-1024x800.jpg\" alt=\"\" width=\"840\" height=\"656\" srcset=\"https:\/\/www.lammi.fi\/kivitalo\/wp-content\/uploads\/sites\/2\/2018\/07\/Lammi-Kivitalot_20.Casakivi_pohja_vaaka-1024x800.jpg 1024w, https:\/\/www.lammi.fi\/kivitalo\/wp-content\/uploads\/sites\/2\/2018\/07\/Lammi-Kivitalot_20.Casakivi_pohja_vaaka-300x234.jpg 300w, https:\/\/www.lammi.fi\/kivitalo\/wp-content\/uploads\/sites\/2\/2018\/07\/Lammi-Kivitalot_20.Casakivi_pohja_vaaka-768x600.jpg 768w, https:\/\/www.lammi.fi\/kivitalo\/wp-content\/uploads\/sites\/2\/2018\/07\/Lammi-Kivitalot_20.Casakivi_pohja_vaaka-1200x937.jpg 1200w\" sizes=\"(max-width: 709px) 85vw, (max-width: 909px) 67vw, (max-width: 1362px) 62vw, 840px\" \/><\/p>\n<p><strong>21. Jokilammi<\/strong><\/p>\n<p>Modernia funktionalismia kauniissa jokimaisemassa.<\/p>\n<p><img decoding=\"async\" class=\"alignnone size-large wp-image-1765\" src=\"https:\/\/www.lammi.fi\/kivitalo\/wp-content\/uploads\/sites\/2\/2018\/07\/Jokilammi_kohde-21_2-1024x563.jpg\" alt=\"\" width=\"840\" height=\"462\" srcset=\"https:\/\/www.lammi.fi\/kivitalo\/wp-content\/uploads\/sites\/2\/2018\/07\/Jokilammi_kohde-21_2-1024x563.jpg 1024w, https:\/\/www.lammi.fi\/kivitalo\/wp-content\/uploads\/sites\/2\/2018\/07\/Jokilammi_kohde-21_2-300x165.jpg 300w, https:\/\/www.lammi.fi\/kivitalo\/wp-content\/uploads\/sites\/2\/2018\/07\/Jokilammi_kohde-21_2-768x422.jpg 768w, https:\/\/www.lammi.fi\/kivitalo\/wp-content\/uploads\/sites\/2\/2018\/07\/Jokilammi_kohde-21_2-1200x660.jpg 1200w\" sizes=\"(max-width: 709px) 85vw, (max-width: 909px) 67vw, (max-width: 1362px) 62vw, 840px\" \/><\/p>\n<p>4h+k+ruokatila+s+autotalli+varasto+ulkovarasto<br \/>\nHuoneistoala: 148 m2<\/p>\n<p>P\u00e4\u00e4suunnittelija: Suunnittelu Koskinen Oy, Kaarlo Koskinen<br \/>\nN\u00e4ytteilleasettaja: Lammin Betoni Oy, Lammi-Kivitalot<br \/>\nSisustus: Isku Koti Oy, Sanna Mustonen<br \/>\nLaatoitus: Pukkila Oy<br \/>\nKeitti\u00f6 ja kalusteet: Keitti\u00f6maailma<br \/>\nPortaat ja sis\u00e4kaiteet: Grado Oy<br \/>\nParvekelasit ja ulkokaiteet: Siesta Group Oy<br \/>\nTakka: Takkamestarit Kohonen Oy<br \/>\nKiinte\u00e4 ja ulkovalaistus: Winled Oy<\/p>\n<p>Jokilammi on upealla paikalla, joen rannalla sijaitseva kaksikerroksinen talo, joka on suunniteltu lapsiperheelle huomioiden niin pienten kuin jo aikuistenkin lasten tarpeet. Rakennuttajaperheen harrastuksiin kuuluvat kalastus ja veneily, jolloin l\u00e4ht\u00f6kohtaisesti toiveena oli rantatontti, johon on mahdollisuus toteuttaa my\u00f6s laituripaikka omalle veneelle.<\/p>\n<p>Piha ja nurmialue on suunniteltu kompaktiksi ja helppohoitoiseksi. Ulkona oleskelu sijoittuu p\u00e4\u00e4osin talon upeille terasseille, joista joenpuoleiset ovat katettuja ja lasitettuja. Talon n\u00e4ytt\u00e4vimpiin osiin lukeutuu sen suuri terassi talon toisessa kerroksessa. Ylh\u00e4\u00e4lt\u00e4 avautuu upeat esteett\u00f6m\u00e4t n\u00e4kym\u00e4t Kokem\u00e4enjoelle. T\u00e4m\u00e4n talon terassialueilla p\u00e4\u00e4see nauttimaan ulkoilmasta ja auringosta aamusta iltaan.<\/p>\n<p>Talon n\u00e4ytt\u00e4v\u00e4 kaksiv\u00e4rinen julkisivu tuo luo kauniisti valon ja varjon efektit. Arkkitehtuurissa on haettu funktionaalista tyylisuuntaa ja pelkistetty\u00e4 linjaa. Pohjaratkaisu on toteutettu niin, ett\u00e4 makuutilat ovat alhaalla ja yhteiset oleskelutilat yl\u00e4kerrassa. N\u00e4in kauniista jokimaisemasta p\u00e4\u00e4see nauttimaan jokaisesta katselusuunnasta.<\/p>\n<p>Sisustuksen v\u00e4rimaailmassa yhdistyy mustan, valkoisen ja harmaan s\u00e4vyt, jotka luovat harmonisen, aikaa kest\u00e4v\u00e4n ja tyylikk\u00e4\u00e4n kokonaisuuden.<\/p>\n<p><img decoding=\"async\" class=\"alignnone size-large wp-image-1767\" src=\"https:\/\/www.lammi.fi\/kivitalo\/wp-content\/uploads\/sites\/2\/2018\/07\/Lammi-Kivitalot_21.Jokilammi_pohja1krs_vaaka-1024x1024.jpg\" alt=\"\" width=\"840\" height=\"840\" srcset=\"https:\/\/www.lammi.fi\/kivitalo\/wp-content\/uploads\/sites\/2\/2018\/07\/Lammi-Kivitalot_21.Jokilammi_pohja1krs_vaaka-1024x1024.jpg 1024w, https:\/\/www.lammi.fi\/kivitalo\/wp-content\/uploads\/sites\/2\/2018\/07\/Lammi-Kivitalot_21.Jokilammi_pohja1krs_vaaka-150x150.jpg 150w, https:\/\/www.lammi.fi\/kivitalo\/wp-content\/uploads\/sites\/2\/2018\/07\/Lammi-Kivitalot_21.Jokilammi_pohja1krs_vaaka-300x300.jpg 300w, https:\/\/www.lammi.fi\/kivitalo\/wp-content\/uploads\/sites\/2\/2018\/07\/Lammi-Kivitalot_21.Jokilammi_pohja1krs_vaaka-768x768.jpg 768w, https:\/\/www.lammi.fi\/kivitalo\/wp-content\/uploads\/sites\/2\/2018\/07\/Lammi-Kivitalot_21.Jokilammi_pohja1krs_vaaka-1200x1200.jpg 1200w\" sizes=\"(max-width: 709px) 85vw, (max-width: 909px) 67vw, (max-width: 1362px) 62vw, 840px\" \/> <img decoding=\"async\" class=\"alignnone size-large wp-image-1769\" src=\"https:\/\/www.lammi.fi\/kivitalo\/wp-content\/uploads\/sites\/2\/2018\/07\/Lammi-Kivitalot_21.Jokilammi_pohja2krs_vaaka-1024x1024.jpg\" alt=\"\" width=\"840\" height=\"840\" srcset=\"https:\/\/www.lammi.fi\/kivitalo\/wp-content\/uploads\/sites\/2\/2018\/07\/Lammi-Kivitalot_21.Jokilammi_pohja2krs_vaaka-1024x1024.jpg 1024w, https:\/\/www.lammi.fi\/kivitalo\/wp-content\/uploads\/sites\/2\/2018\/07\/Lammi-Kivitalot_21.Jokilammi_pohja2krs_vaaka-150x150.jpg 150w, https:\/\/www.lammi.fi\/kivitalo\/wp-content\/uploads\/sites\/2\/2018\/07\/Lammi-Kivitalot_21.Jokilammi_pohja2krs_vaaka-300x300.jpg 300w, https:\/\/www.lammi.fi\/kivitalo\/wp-content\/uploads\/sites\/2\/2018\/07\/Lammi-Kivitalot_21.Jokilammi_pohja2krs_vaaka-768x768.jpg 768w, https:\/\/www.lammi.fi\/kivitalo\/wp-content\/uploads\/sites\/2\/2018\/07\/Lammi-Kivitalot_21.Jokilammi_pohja2krs_vaaka-1200x1200.jpg 1200w\" sizes=\"(max-width: 709px) 85vw, (max-width: 909px) 67vw, (max-width: 1362px) 62vw, 840px\" \/><\/p>\n","protected":false},"excerpt":{"rendered":"<p>Porin Asuntomessut alkavat perjantaina 6.7.2018 klo 10. Lammi Kivitalo-kohteet 20. Casakivi ja 21. Jokilammi avaavat ovensa yleis\u00f6lle ja toivottavat messuvieraat l\u00e4mpim\u00e4sti tervetulleiksi. Lammin Betoni-konsernin oma messuosasto sijaitsee Jokilammi-kohteessa. Tule tapaamaan paikan p\u00e4\u00e4lle talomyyji\u00e4mme ja keskustelemaan kivirakentamisesta. 20. Casakivi Toiminnallista ja tehokasta &#8211; avarasti yhdess\u00e4 tasossa 5h+k+s+autokatos+varasto Huoneistoala: 184 m2 P\u00e4\u00e4suunnittelija: Arkkitehtitoimisto Kirsti Kanerva Ky, Kirsti &hellip; <a href=\"https:\/\/www.lammi.fi\/kivitalo\/tervetuloa-porin-asuntomessuille\/\" class=\"more-link\">Lue lis\u00e4\u00e4<span class=\"screen-reader-text\"> &#8221;Tervetuloa Porin Asuntomessuille!&#8221;<\/span><\/a><\/p>\n","protected":false},"author":5,"featured_media":0,"comment_status":"open","ping_status":"open","sticky":false,"template":"","format":"standard","meta":{"_acf_changed":false,"_improvement_type_select":"improve_an_existing","_thumb_yes_seoaic":false,"_frame_yes_seoaic":false,"seoaic_generate_description":"","seoaic_improve_instructions_prompt":"","seoaic_rollback_content_improvement":"","seoaic_idea_thumbnail_generator":"","thumbnail_generated":false,"thumbnail_generate_prompt":"","seoaic_article_description":"","seoaic_article_subtitles":[],"footnotes":""},"categories":[1],"tags":[],"class_list":["post-1754","post","type-post","status-publish","format-standard","hentry","category-ajankohtaista"],"acf":[],"yoast_head":"<!-- This site is optimized with the Yoast SEO plugin v27.4 - https:\/\/yoast.com\/product\/yoast-seo-wordpress\/ -->\n<title>Tervetuloa Porin Asuntomessuille! - Lammi Kivitalo<\/title>\n<link rel=\"canonical\" href=\"https:\/\/www.lammi.fi\/kivitalo\/tervetuloa-porin-asuntomessuille\/\" \/>\n<meta property=\"og:locale\" content=\"fi_FI\" \/>\n<meta property=\"og:type\" content=\"article\" \/>\n<meta property=\"og:title\" content=\"Tervetuloa Porin Asuntomessuille! - Lammi Kivitalo\" \/>\n<meta property=\"og:description\" content=\"Porin Asuntomessut alkavat perjantaina 6.7.2018 klo 10. Lammi Kivitalo-kohteet 20. Casakivi ja 21. Jokilammi avaavat ovensa yleis\u00f6lle ja toivottavat messuvieraat l\u00e4mpim\u00e4sti tervetulleiksi. Lammin Betoni-konsernin oma messuosasto sijaitsee Jokilammi-kohteessa. Tule tapaamaan paikan p\u00e4\u00e4lle talomyyji\u00e4mme ja keskustelemaan kivirakentamisesta. 20. Casakivi Toiminnallista ja tehokasta &#8211; avarasti yhdess\u00e4 tasossa 5h+k+s+autokatos+varasto Huoneistoala: 184 m2 P\u00e4\u00e4suunnittelija: Arkkitehtitoimisto Kirsti Kanerva Ky, Kirsti &hellip; Lue lis\u00e4\u00e4 &quot;Tervetuloa Porin Asuntomessuille!&quot;\" \/>\n<meta property=\"og:url\" content=\"https:\/\/www.lammi.fi\/kivitalo\/tervetuloa-porin-asuntomessuille\/\" \/>\n<meta property=\"og:site_name\" content=\"Lammi Kivitalo\" \/>\n<meta property=\"article:publisher\" content=\"https:\/\/www.facebook.com\/LammiKivitalot\" \/>\n<meta property=\"article:published_time\" content=\"2018-07-04T13:26:36+00:00\" \/>\n<meta property=\"article:modified_time\" content=\"2018-08-30T13:29:40+00:00\" \/>\n<meta property=\"og:image\" content=\"https:\/\/www.lammi.fi\/kivitalo\/wp-content\/uploads\/sites\/2\/2018\/07\/Lammi-Kivitalot-talo-Casakivi-kohde-20_22-1024x563.jpg\" \/>\n<meta name=\"author\" content=\"marjomaki\" \/>\n<meta name=\"twitter:card\" content=\"summary_large_image\" \/>\n<meta name=\"twitter:label1\" content=\"Kirjoittanut\" \/>\n\t<meta name=\"twitter:data1\" content=\"marjomaki\" \/>\n\t<meta name=\"twitter:label2\" content=\"Arvioitu lukuaika\" \/>\n\t<meta name=\"twitter:data2\" content=\"2 minuuttia\" \/>\n<script type=\"application\/ld+json\" class=\"yoast-schema-graph\">{\"@context\":\"https:\\\/\\\/schema.org\",\"@graph\":[{\"@type\":\"Article\",\"@id\":\"https:\\\/\\\/www.lammi.fi\\\/kivitalo\\\/tervetuloa-porin-asuntomessuille\\\/#article\",\"isPartOf\":{\"@id\":\"https:\\\/\\\/www.lammi.fi\\\/kivitalo\\\/tervetuloa-porin-asuntomessuille\\\/\"},\"author\":{\"name\":\"marjomaki\",\"@id\":\"https:\\\/\\\/www.lammi.fi\\\/kivitalo\\\/#\\\/schema\\\/person\\\/f9ac305c92f2ee4ad0bdd3bb37b2172e\"},\"headline\":\"Tervetuloa Porin Asuntomessuille!\",\"datePublished\":\"2018-07-04T13:26:36+00:00\",\"dateModified\":\"2018-08-30T13:29:40+00:00\",\"mainEntityOfPage\":{\"@id\":\"https:\\\/\\\/www.lammi.fi\\\/kivitalo\\\/tervetuloa-porin-asuntomessuille\\\/\"},\"wordCount\":498,\"commentCount\":0,\"publisher\":{\"@id\":\"https:\\\/\\\/www.lammi.fi\\\/kivitalo\\\/#organization\"},\"image\":{\"@id\":\"https:\\\/\\\/www.lammi.fi\\\/kivitalo\\\/tervetuloa-porin-asuntomessuille\\\/#primaryimage\"},\"thumbnailUrl\":\"https:\\\/\\\/www.lammi.fi\\\/kivitalo\\\/wp-content\\\/uploads\\\/sites\\\/2\\\/2018\\\/07\\\/Lammi-Kivitalot-talo-Casakivi-kohde-20_22-1024x563.jpg\",\"articleSection\":[\"Ajankohtaista\"],\"inLanguage\":\"fi\",\"potentialAction\":[{\"@type\":\"CommentAction\",\"name\":\"Comment\",\"target\":[\"https:\\\/\\\/www.lammi.fi\\\/kivitalo\\\/tervetuloa-porin-asuntomessuille\\\/#respond\"]}]},{\"@type\":\"WebPage\",\"@id\":\"https:\\\/\\\/www.lammi.fi\\\/kivitalo\\\/tervetuloa-porin-asuntomessuille\\\/\",\"url\":\"https:\\\/\\\/www.lammi.fi\\\/kivitalo\\\/tervetuloa-porin-asuntomessuille\\\/\",\"name\":\"Tervetuloa Porin Asuntomessuille! - Lammi Kivitalo\",\"isPartOf\":{\"@id\":\"https:\\\/\\\/www.lammi.fi\\\/kivitalo\\\/#website\"},\"primaryImageOfPage\":{\"@id\":\"https:\\\/\\\/www.lammi.fi\\\/kivitalo\\\/tervetuloa-porin-asuntomessuille\\\/#primaryimage\"},\"image\":{\"@id\":\"https:\\\/\\\/www.lammi.fi\\\/kivitalo\\\/tervetuloa-porin-asuntomessuille\\\/#primaryimage\"},\"thumbnailUrl\":\"https:\\\/\\\/www.lammi.fi\\\/kivitalo\\\/wp-content\\\/uploads\\\/sites\\\/2\\\/2018\\\/07\\\/Lammi-Kivitalot-talo-Casakivi-kohde-20_22-1024x563.jpg\",\"datePublished\":\"2018-07-04T13:26:36+00:00\",\"dateModified\":\"2018-08-30T13:29:40+00:00\",\"breadcrumb\":{\"@id\":\"https:\\\/\\\/www.lammi.fi\\\/kivitalo\\\/tervetuloa-porin-asuntomessuille\\\/#breadcrumb\"},\"inLanguage\":\"fi\",\"potentialAction\":[{\"@type\":\"ReadAction\",\"target\":[\"https:\\\/\\\/www.lammi.fi\\\/kivitalo\\\/tervetuloa-porin-asuntomessuille\\\/\"]}]},{\"@type\":\"ImageObject\",\"inLanguage\":\"fi\",\"@id\":\"https:\\\/\\\/www.lammi.fi\\\/kivitalo\\\/tervetuloa-porin-asuntomessuille\\\/#primaryimage\",\"url\":\"https:\\\/\\\/www.lammi.fi\\\/kivitalo\\\/wp-content\\\/uploads\\\/sites\\\/2\\\/2018\\\/07\\\/Lammi-Kivitalot-talo-Casakivi-kohde-20_22.jpg\",\"contentUrl\":\"https:\\\/\\\/www.lammi.fi\\\/kivitalo\\\/wp-content\\\/uploads\\\/sites\\\/2\\\/2018\\\/07\\\/Lammi-Kivitalot-talo-Casakivi-kohde-20_22.jpg\",\"width\":4000,\"height\":2200},{\"@type\":\"BreadcrumbList\",\"@id\":\"https:\\\/\\\/www.lammi.fi\\\/kivitalo\\\/tervetuloa-porin-asuntomessuille\\\/#breadcrumb\",\"itemListElement\":[{\"@type\":\"ListItem\",\"position\":1,\"name\":\"Lammi.fi\",\"item\":\"https:\\\/\\\/www.lammi.fi\"},{\"@type\":\"ListItem\",\"position\":2,\"name\":\"Lammi Kivitalo\",\"item\":\"https:\\\/\\\/www.lammi.fi\\\/kivitalo\\\/\"},{\"@type\":\"ListItem\",\"position\":3,\"name\":\"Tervetuloa Porin Asuntomessuille!\"}]},{\"@type\":\"WebSite\",\"@id\":\"https:\\\/\\\/www.lammi.fi\\\/kivitalo\\\/#website\",\"url\":\"https:\\\/\\\/www.lammi.fi\\\/kivitalo\\\/\",\"name\":\"Lammi Kivitalo\",\"description\":\"\",\"publisher\":{\"@id\":\"https:\\\/\\\/www.lammi.fi\\\/kivitalo\\\/#organization\"},\"potentialAction\":[{\"@type\":\"SearchAction\",\"target\":{\"@type\":\"EntryPoint\",\"urlTemplate\":\"https:\\\/\\\/www.lammi.fi\\\/kivitalo\\\/?s={search_term_string}\"},\"query-input\":{\"@type\":\"PropertyValueSpecification\",\"valueRequired\":true,\"valueName\":\"search_term_string\"}}],\"inLanguage\":\"fi\"},{\"@type\":\"Organization\",\"@id\":\"https:\\\/\\\/www.lammi.fi\\\/kivitalo\\\/#organization\",\"name\":\"Lammi Kivitalo\",\"url\":\"https:\\\/\\\/www.lammi.fi\\\/kivitalo\\\/\",\"logo\":{\"@type\":\"ImageObject\",\"inLanguage\":\"fi\",\"@id\":\"https:\\\/\\\/www.lammi.fi\\\/kivitalo\\\/#\\\/schema\\\/logo\\\/image\\\/\",\"url\":\"https:\\\/\\\/www.lammi.fi\\\/kivitalo\\\/wp-content\\\/uploads\\\/sites\\\/2\\\/2018\\\/05\\\/cropped-lammi_logo.png\",\"contentUrl\":\"https:\\\/\\\/www.lammi.fi\\\/kivitalo\\\/wp-content\\\/uploads\\\/sites\\\/2\\\/2018\\\/05\\\/cropped-lammi_logo.png\",\"width\":240,\"height\":122,\"caption\":\"Lammi Kivitalo\"},\"image\":{\"@id\":\"https:\\\/\\\/www.lammi.fi\\\/kivitalo\\\/#\\\/schema\\\/logo\\\/image\\\/\"},\"sameAs\":[\"https:\\\/\\\/www.facebook.com\\\/LammiKivitalot\",\"https:\\\/\\\/www.instagram.com\\\/lammikivitalot\\\/\",\"https:\\\/\\\/fi.pinterest.com\\\/lammikivitalot\\\/\"]},{\"@type\":\"Person\",\"@id\":\"https:\\\/\\\/www.lammi.fi\\\/kivitalo\\\/#\\\/schema\\\/person\\\/f9ac305c92f2ee4ad0bdd3bb37b2172e\",\"name\":\"marjomaki\",\"image\":{\"@type\":\"ImageObject\",\"inLanguage\":\"fi\",\"@id\":\"https:\\\/\\\/secure.gravatar.com\\\/avatar\\\/47fc6a07c59ef13a430c7cca93176f84d291ac27d58ce3bf31a32957e772594b?s=96&d=mm&r=g\",\"url\":\"https:\\\/\\\/secure.gravatar.com\\\/avatar\\\/47fc6a07c59ef13a430c7cca93176f84d291ac27d58ce3bf31a32957e772594b?s=96&d=mm&r=g\",\"contentUrl\":\"https:\\\/\\\/secure.gravatar.com\\\/avatar\\\/47fc6a07c59ef13a430c7cca93176f84d291ac27d58ce3bf31a32957e772594b?s=96&d=mm&r=g\",\"caption\":\"marjomaki\"},\"url\":\"https:\\\/\\\/www.lammi.fi\\\/kivitalo\\\/author\\\/marjomaki\\\/\"}]}<\/script>\n<!-- \/ Yoast SEO plugin. -->","yoast_head_json":{"title":"Tervetuloa Porin Asuntomessuille! - Lammi Kivitalo","canonical":"https:\/\/www.lammi.fi\/kivitalo\/tervetuloa-porin-asuntomessuille\/","og_locale":"fi_FI","og_type":"article","og_title":"Tervetuloa Porin Asuntomessuille! - Lammi Kivitalo","og_description":"Porin Asuntomessut alkavat perjantaina 6.7.2018 klo 10. Lammi Kivitalo-kohteet 20. Casakivi ja 21. Jokilammi avaavat ovensa yleis\u00f6lle ja toivottavat messuvieraat l\u00e4mpim\u00e4sti tervetulleiksi. Lammin Betoni-konsernin oma messuosasto sijaitsee Jokilammi-kohteessa. Tule tapaamaan paikan p\u00e4\u00e4lle talomyyji\u00e4mme ja keskustelemaan kivirakentamisesta. 20. Casakivi Toiminnallista ja tehokasta &#8211; avarasti yhdess\u00e4 tasossa 5h+k+s+autokatos+varasto Huoneistoala: 184 m2 P\u00e4\u00e4suunnittelija: Arkkitehtitoimisto Kirsti Kanerva Ky, Kirsti &hellip; Lue lis\u00e4\u00e4 \"Tervetuloa Porin Asuntomessuille!\"","og_url":"https:\/\/www.lammi.fi\/kivitalo\/tervetuloa-porin-asuntomessuille\/","og_site_name":"Lammi Kivitalo","article_publisher":"https:\/\/www.facebook.com\/LammiKivitalot","article_published_time":"2018-07-04T13:26:36+00:00","article_modified_time":"2018-08-30T13:29:40+00:00","og_image":[{"url":"https:\/\/www.lammi.fi\/kivitalo\/wp-content\/uploads\/sites\/2\/2018\/07\/Lammi-Kivitalot-talo-Casakivi-kohde-20_22-1024x563.jpg","type":"","width":"","height":""}],"author":"marjomaki","twitter_card":"summary_large_image","twitter_misc":{"Kirjoittanut":"marjomaki","Arvioitu lukuaika":"2 minuuttia"},"schema":{"@context":"https:\/\/schema.org","@graph":[{"@type":"Article","@id":"https:\/\/www.lammi.fi\/kivitalo\/tervetuloa-porin-asuntomessuille\/#article","isPartOf":{"@id":"https:\/\/www.lammi.fi\/kivitalo\/tervetuloa-porin-asuntomessuille\/"},"author":{"name":"marjomaki","@id":"https:\/\/www.lammi.fi\/kivitalo\/#\/schema\/person\/f9ac305c92f2ee4ad0bdd3bb37b2172e"},"headline":"Tervetuloa Porin Asuntomessuille!","datePublished":"2018-07-04T13:26:36+00:00","dateModified":"2018-08-30T13:29:40+00:00","mainEntityOfPage":{"@id":"https:\/\/www.lammi.fi\/kivitalo\/tervetuloa-porin-asuntomessuille\/"},"wordCount":498,"commentCount":0,"publisher":{"@id":"https:\/\/www.lammi.fi\/kivitalo\/#organization"},"image":{"@id":"https:\/\/www.lammi.fi\/kivitalo\/tervetuloa-porin-asuntomessuille\/#primaryimage"},"thumbnailUrl":"https:\/\/www.lammi.fi\/kivitalo\/wp-content\/uploads\/sites\/2\/2018\/07\/Lammi-Kivitalot-talo-Casakivi-kohde-20_22-1024x563.jpg","articleSection":["Ajankohtaista"],"inLanguage":"fi","potentialAction":[{"@type":"CommentAction","name":"Comment","target":["https:\/\/www.lammi.fi\/kivitalo\/tervetuloa-porin-asuntomessuille\/#respond"]}]},{"@type":"WebPage","@id":"https:\/\/www.lammi.fi\/kivitalo\/tervetuloa-porin-asuntomessuille\/","url":"https:\/\/www.lammi.fi\/kivitalo\/tervetuloa-porin-asuntomessuille\/","name":"Tervetuloa Porin Asuntomessuille! - Lammi Kivitalo","isPartOf":{"@id":"https:\/\/www.lammi.fi\/kivitalo\/#website"},"primaryImageOfPage":{"@id":"https:\/\/www.lammi.fi\/kivitalo\/tervetuloa-porin-asuntomessuille\/#primaryimage"},"image":{"@id":"https:\/\/www.lammi.fi\/kivitalo\/tervetuloa-porin-asuntomessuille\/#primaryimage"},"thumbnailUrl":"https:\/\/www.lammi.fi\/kivitalo\/wp-content\/uploads\/sites\/2\/2018\/07\/Lammi-Kivitalot-talo-Casakivi-kohde-20_22-1024x563.jpg","datePublished":"2018-07-04T13:26:36+00:00","dateModified":"2018-08-30T13:29:40+00:00","breadcrumb":{"@id":"https:\/\/www.lammi.fi\/kivitalo\/tervetuloa-porin-asuntomessuille\/#breadcrumb"},"inLanguage":"fi","potentialAction":[{"@type":"ReadAction","target":["https:\/\/www.lammi.fi\/kivitalo\/tervetuloa-porin-asuntomessuille\/"]}]},{"@type":"ImageObject","inLanguage":"fi","@id":"https:\/\/www.lammi.fi\/kivitalo\/tervetuloa-porin-asuntomessuille\/#primaryimage","url":"https:\/\/www.lammi.fi\/kivitalo\/wp-content\/uploads\/sites\/2\/2018\/07\/Lammi-Kivitalot-talo-Casakivi-kohde-20_22.jpg","contentUrl":"https:\/\/www.lammi.fi\/kivitalo\/wp-content\/uploads\/sites\/2\/2018\/07\/Lammi-Kivitalot-talo-Casakivi-kohde-20_22.jpg","width":4000,"height":2200},{"@type":"BreadcrumbList","@id":"https:\/\/www.lammi.fi\/kivitalo\/tervetuloa-porin-asuntomessuille\/#breadcrumb","itemListElement":[{"@type":"ListItem","position":1,"name":"Lammi.fi","item":"https:\/\/www.lammi.fi"},{"@type":"ListItem","position":2,"name":"Lammi Kivitalo","item":"https:\/\/www.lammi.fi\/kivitalo\/"},{"@type":"ListItem","position":3,"name":"Tervetuloa Porin Asuntomessuille!"}]},{"@type":"WebSite","@id":"https:\/\/www.lammi.fi\/kivitalo\/#website","url":"https:\/\/www.lammi.fi\/kivitalo\/","name":"Lammi Kivitalo","description":"","publisher":{"@id":"https:\/\/www.lammi.fi\/kivitalo\/#organization"},"potentialAction":[{"@type":"SearchAction","target":{"@type":"EntryPoint","urlTemplate":"https:\/\/www.lammi.fi\/kivitalo\/?s={search_term_string}"},"query-input":{"@type":"PropertyValueSpecification","valueRequired":true,"valueName":"search_term_string"}}],"inLanguage":"fi"},{"@type":"Organization","@id":"https:\/\/www.lammi.fi\/kivitalo\/#organization","name":"Lammi Kivitalo","url":"https:\/\/www.lammi.fi\/kivitalo\/","logo":{"@type":"ImageObject","inLanguage":"fi","@id":"https:\/\/www.lammi.fi\/kivitalo\/#\/schema\/logo\/image\/","url":"https:\/\/www.lammi.fi\/kivitalo\/wp-content\/uploads\/sites\/2\/2018\/05\/cropped-lammi_logo.png","contentUrl":"https:\/\/www.lammi.fi\/kivitalo\/wp-content\/uploads\/sites\/2\/2018\/05\/cropped-lammi_logo.png","width":240,"height":122,"caption":"Lammi Kivitalo"},"image":{"@id":"https:\/\/www.lammi.fi\/kivitalo\/#\/schema\/logo\/image\/"},"sameAs":["https:\/\/www.facebook.com\/LammiKivitalot","https:\/\/www.instagram.com\/lammikivitalot\/","https:\/\/fi.pinterest.com\/lammikivitalot\/"]},{"@type":"Person","@id":"https:\/\/www.lammi.fi\/kivitalo\/#\/schema\/person\/f9ac305c92f2ee4ad0bdd3bb37b2172e","name":"marjomaki","image":{"@type":"ImageObject","inLanguage":"fi","@id":"https:\/\/secure.gravatar.com\/avatar\/47fc6a07c59ef13a430c7cca93176f84d291ac27d58ce3bf31a32957e772594b?s=96&d=mm&r=g","url":"https:\/\/secure.gravatar.com\/avatar\/47fc6a07c59ef13a430c7cca93176f84d291ac27d58ce3bf31a32957e772594b?s=96&d=mm&r=g","contentUrl":"https:\/\/secure.gravatar.com\/avatar\/47fc6a07c59ef13a430c7cca93176f84d291ac27d58ce3bf31a32957e772594b?s=96&d=mm&r=g","caption":"marjomaki"},"url":"https:\/\/www.lammi.fi\/kivitalo\/author\/marjomaki\/"}]}},"_links":{"self":[{"href":"https:\/\/www.lammi.fi\/kivitalo\/wp-json\/wp\/v2\/posts\/1754","targetHints":{"allow":["GET"]}}],"collection":[{"href":"https:\/\/www.lammi.fi\/kivitalo\/wp-json\/wp\/v2\/posts"}],"about":[{"href":"https:\/\/www.lammi.fi\/kivitalo\/wp-json\/wp\/v2\/types\/post"}],"author":[{"embeddable":true,"href":"https:\/\/www.lammi.fi\/kivitalo\/wp-json\/wp\/v2\/users\/5"}],"replies":[{"embeddable":true,"href":"https:\/\/www.lammi.fi\/kivitalo\/wp-json\/wp\/v2\/comments?post=1754"}],"version-history":[{"count":6,"href":"https:\/\/www.lammi.fi\/kivitalo\/wp-json\/wp\/v2\/posts\/1754\/revisions"}],"predecessor-version":[{"id":2206,"href":"https:\/\/www.lammi.fi\/kivitalo\/wp-json\/wp\/v2\/posts\/1754\/revisions\/2206"}],"wp:attachment":[{"href":"https:\/\/www.lammi.fi\/kivitalo\/wp-json\/wp\/v2\/media?parent=1754"}],"wp:term":[{"taxonomy":"category","embeddable":true,"href":"https:\/\/www.lammi.fi\/kivitalo\/wp-json\/wp\/v2\/categories?post=1754"},{"taxonomy":"post_tag","embeddable":true,"href":"https:\/\/www.lammi.fi\/kivitalo\/wp-json\/wp\/v2\/tags?post=1754"}],"curies":[{"name":"wp","href":"https:\/\/api.w.org\/{rel}","templated":true}]}}