{"id":15807,"date":"2026-03-04T12:55:47","date_gmt":"2026-03-04T09:55:47","guid":{"rendered":"https:\/\/www.lammi.fi\/kivitalo\/?p=15807"},"modified":"2026-03-25T09:43:35","modified_gmt":"2026-03-25T06:43:35","slug":"taloesittely-jyvaskylassa-perjantaina-20-3-2026-klo-17-19","status":"publish","type":"post","link":"https:\/\/www.lammi.fi\/kivitalo\/taloesittely-jyvaskylassa-perjantaina-20-3-2026-klo-17-19\/","title":{"rendered":"Taloesittely Jyv\u00e4skyl\u00e4ss\u00e4 perjantaina 20.3.2026 klo 17-19"},"content":{"rendered":"<p><img decoding=\"async\" class=\"size-full wp-image-15439 alignnone\" src=\"https:\/\/www.lammi.fi\/kivitalo\/wp-content\/uploads\/sites\/2\/2025\/11\/3D-Jarvinen.jpg\" alt=\"\" width=\"786\" height=\"412\" srcset=\"https:\/\/www.lammi.fi\/kivitalo\/wp-content\/uploads\/sites\/2\/2025\/11\/3D-Jarvinen.jpg 786w, https:\/\/www.lammi.fi\/kivitalo\/wp-content\/uploads\/sites\/2\/2025\/11\/3D-Jarvinen-300x157.jpg 300w, https:\/\/www.lammi.fi\/kivitalo\/wp-content\/uploads\/sites\/2\/2025\/11\/3D-Jarvinen-768x403.jpg 768w, https:\/\/www.lammi.fi\/kivitalo\/wp-content\/uploads\/sites\/2\/2025\/11\/3D-Jarvinen-260x136.jpg 260w\" sizes=\"(max-width: 709px) 85vw, (max-width: 909px) 67vw, (max-width: 984px) 61vw, (max-width: 1362px) 45vw, 600px\" \/><\/p>\n<p>Esittelimme l\u00e4hes muuttovalmiin Lammi Kivitalon Jyv\u00e4skyl\u00e4ss\u00e4 (40200) perjantaina 20.3.2026 klo 17-19.<\/p>\n<p>Kohde on kaksikerroksinen, kellarillinen Lammi Kivitalo, jonka huoneistoala on 135 m\u00b2 (asuinrakennus) + 7 m\u00b2 (talousrakennus) ja kokonaisala 203 m\u00b2 (asuinrakennus), josta kellarin osuus 38 m\u00b2 + 14 m\u00b2 (talousrakennus).<\/p>\n<p>Kohde esiteltiin runkovaiheessa marraskuussa 2025 ja nyt asukkaat ovat muuttamassa sis\u00e4\u00e4n huhtikuun aikana. Voit tutustua kohteeseen ja ty\u00f6maan vaiheeseen rakennuttajien IG-tilill\u00e4 <a href=\"https:\/\/www.instagram.com\/talo_aurinkorinne\/\" target=\"_blank\" rel=\"noopener\">talo_aurinkorinne.<\/a><\/p>\n<p>Taloesittelyss\u00e4 mukana kohteen arkkitehti ArkTimlin, rakennesuunnittelija Tommi Kankaanniemi, runkourakoitsijat Reijo ja Veijo Heimonen, s\u00e4hk\u00f6urakoitsija S\u00e4hk\u00f6ty\u00f6 Rentola, ilmanvaihtokanavatoimittaja Betterpipe Finland Oy, kalustetoimittaja Puustelli sek\u00e4 Pieks\u00e4wood.<\/p>\n<p><strong>Ilmoittautuminen on p\u00e4\u00e4ttynyt.<\/strong><\/p>\n<p>Taloesittelyyn on mahdollista osallistua vain ilmoittautumalla etuk\u00e4teen.<\/p>\n<p>Tule hakemaan arvokkaat vinkit oman kotisi suunnitteluun ja rakentamiseen. Taloesittelyss\u00e4 sinulla on mahdollisuus keskustella Lammi-rakentamisesta asiantuntijoidemme, rakennuttajien sek\u00e4 yhteisty\u00f6kumppaneidemme kanssa, n\u00e4hd\u00e4 erilaisia huonetiloja ja -ratkaisuja sek\u00e4 ker\u00e4t\u00e4 talteen ideat erilaisista materiaalivalinnoista. Olemme mielell\u00e4mme avuksi omaan taloprojektiisi ja -suunnitelmiisi liittyviss\u00e4 kysymyksiss\u00e4.<\/p>\n<p>Tervetuloa!<\/p>\n<p><img decoding=\"async\" class=\"size-full wp-image-15816 alignnone\" src=\"https:\/\/www.lammi.fi\/kivitalo\/wp-content\/uploads\/sites\/2\/2026\/03\/kollaasi.jpg\" alt=\"\" width=\"800\" height=\"800\" srcset=\"https:\/\/www.lammi.fi\/kivitalo\/wp-content\/uploads\/sites\/2\/2026\/03\/kollaasi.jpg 800w, https:\/\/www.lammi.fi\/kivitalo\/wp-content\/uploads\/sites\/2\/2026\/03\/kollaasi-300x300.jpg 300w, https:\/\/www.lammi.fi\/kivitalo\/wp-content\/uploads\/sites\/2\/2026\/03\/kollaasi-150x150.jpg 150w, https:\/\/www.lammi.fi\/kivitalo\/wp-content\/uploads\/sites\/2\/2026\/03\/kollaasi-768x768.jpg 768w, https:\/\/www.lammi.fi\/kivitalo\/wp-content\/uploads\/sites\/2\/2026\/03\/kollaasi-260x260.jpg 260w, https:\/\/www.lammi.fi\/kivitalo\/wp-content\/uploads\/sites\/2\/2026\/03\/kollaasi-600x600.jpg 600w, https:\/\/www.lammi.fi\/kivitalo\/wp-content\/uploads\/sites\/2\/2026\/03\/kollaasi-500x500.jpg 500w\" sizes=\"(max-width: 709px) 85vw, (max-width: 909px) 67vw, (max-width: 984px) 61vw, (max-width: 1362px) 45vw, 600px\" \/><\/p>\n<p>&nbsp;<\/p>\n","protected":false},"excerpt":{"rendered":"<p>Esittelimme l\u00e4hes muuttovalmiin Lammi Kivitalon Jyv\u00e4skyl\u00e4ss\u00e4 (40200) perjantaina 20.3.2026 klo 17-19. Kohde on kaksikerroksinen, kellarillinen Lammi Kivitalo, jonka huoneistoala on 135 m\u00b2 (asuinrakennus) + 7 m\u00b2 (talousrakennus) ja kokonaisala 203 m\u00b2 (asuinrakennus), josta kellarin osuus 38 m\u00b2 + 14 m\u00b2 (talousrakennus). Kohde esiteltiin runkovaiheessa marraskuussa 2025 ja nyt asukkaat ovat muuttamassa sis\u00e4\u00e4n huhtikuun aikana. Voit &hellip; <a href=\"https:\/\/www.lammi.fi\/kivitalo\/taloesittely-jyvaskylassa-perjantaina-20-3-2026-klo-17-19\/\" class=\"more-link\">Lue lis\u00e4\u00e4<span class=\"screen-reader-text\"> &#8221;Taloesittely Jyv\u00e4skyl\u00e4ss\u00e4 perjantaina 20.3.2026 klo 17-19&#8221;<\/span><\/a><\/p>\n","protected":false},"author":11,"featured_media":0,"comment_status":"closed","ping_status":"closed","sticky":false,"template":"","format":"standard","meta":{"_acf_changed":false,"_improvement_type_select":"improve_an_existing","_thumb_yes_seoaic":false,"_frame_yes_seoaic":false,"seoaic_generate_description":"","seoaic_improve_instructions_prompt":"","seoaic_rollback_content_improvement":"","seoaic_idea_thumbnail_generator":"","thumbnail_generated":false,"thumbnail_generate_prompt":"","seoaic_article_description":"","seoaic_article_subtitles":[],"footnotes":""},"categories":[1],"tags":[115,113,103,116],"class_list":["post-15807","post","type-post","status-publish","format-standard","hentry","category-ajankohtaista","tag-espoo","tag-kivitalon-rakentaminen","tag-taloesittely","tag-vinkit-rakentajalle"],"acf":[],"yoast_head":"<!-- This site is optimized with the Yoast SEO plugin v27.4 - https:\/\/yoast.com\/product\/yoast-seo-wordpress\/ -->\n<title>Taloesittely Jyv\u00e4skyl\u00e4ss\u00e4 perjantaina 20.3.2026 klo 17-19 - Lammi Kivitalo<\/title>\n<meta name=\"description\" content=\"Tule hakemaan arvokkaat vinkit oman kotisi suunnitteluun ja rakentamiseen Lammi Taloesittelyst\u00e4 Espoossa.\" \/>\n<link rel=\"canonical\" href=\"https:\/\/www.lammi.fi\/kivitalo\/taloesittely-jyvaskylassa-perjantaina-20-3-2026-klo-17-19\/\" \/>\n<meta property=\"og:locale\" content=\"fi_FI\" \/>\n<meta property=\"og:type\" content=\"article\" \/>\n<meta property=\"og:title\" content=\"Taloesittely Jyv\u00e4skyl\u00e4ss\u00e4 perjantaina 20.3.2026 klo 17-19 - Lammi Kivitalo\" \/>\n<meta property=\"og:description\" content=\"Tule hakemaan arvokkaat vinkit oman kotisi suunnitteluun ja rakentamiseen Lammi Taloesittelyst\u00e4 Espoossa.\" \/>\n<meta property=\"og:url\" content=\"https:\/\/www.lammi.fi\/kivitalo\/taloesittely-jyvaskylassa-perjantaina-20-3-2026-klo-17-19\/\" \/>\n<meta property=\"og:site_name\" content=\"Lammi Kivitalo\" \/>\n<meta property=\"article:publisher\" content=\"https:\/\/www.facebook.com\/LammiKivitalot\" \/>\n<meta property=\"article:published_time\" content=\"2026-03-04T09:55:47+00:00\" \/>\n<meta property=\"article:modified_time\" content=\"2026-03-25T06:43:35+00:00\" \/>\n<meta property=\"og:image\" content=\"https:\/\/www.lammi.fi\/kivitalo\/wp-content\/uploads\/sites\/2\/2025\/11\/3D-Jarvinen.jpg\" \/>\n\t<meta property=\"og:image:width\" content=\"786\" \/>\n\t<meta property=\"og:image:height\" content=\"412\" \/>\n\t<meta property=\"og:image:type\" content=\"image\/jpeg\" \/>\n<meta name=\"author\" content=\"pauliinavesinen\" \/>\n<meta name=\"twitter:card\" content=\"summary_large_image\" \/>\n<meta name=\"twitter:label1\" content=\"Kirjoittanut\" \/>\n\t<meta name=\"twitter:data1\" content=\"pauliinavesinen\" \/>\n\t<meta name=\"twitter:label2\" content=\"Arvioitu lukuaika\" \/>\n\t<meta name=\"twitter:data2\" content=\"2 minuuttia\" \/>\n<script type=\"application\/ld+json\" class=\"yoast-schema-graph\">{\"@context\":\"https:\\\/\\\/schema.org\",\"@graph\":[{\"@type\":\"Article\",\"@id\":\"https:\\\/\\\/www.lammi.fi\\\/kivitalo\\\/taloesittely-jyvaskylassa-perjantaina-20-3-2026-klo-17-19\\\/#article\",\"isPartOf\":{\"@id\":\"https:\\\/\\\/www.lammi.fi\\\/kivitalo\\\/taloesittely-jyvaskylassa-perjantaina-20-3-2026-klo-17-19\\\/\"},\"author\":{\"name\":\"pauliinavesinen\",\"@id\":\"https:\\\/\\\/www.lammi.fi\\\/kivitalo\\\/#\\\/schema\\\/person\\\/b4a3064da35885c3f3143f2f1e605956\"},\"headline\":\"Taloesittely Jyv\u00e4skyl\u00e4ss\u00e4 perjantaina 20.3.2026 klo 17-19\",\"datePublished\":\"2026-03-04T09:55:47+00:00\",\"dateModified\":\"2026-03-25T06:43:35+00:00\",\"mainEntityOfPage\":{\"@id\":\"https:\\\/\\\/www.lammi.fi\\\/kivitalo\\\/taloesittely-jyvaskylassa-perjantaina-20-3-2026-klo-17-19\\\/\"},\"wordCount\":153,\"publisher\":{\"@id\":\"https:\\\/\\\/www.lammi.fi\\\/kivitalo\\\/#organization\"},\"image\":{\"@id\":\"https:\\\/\\\/www.lammi.fi\\\/kivitalo\\\/taloesittely-jyvaskylassa-perjantaina-20-3-2026-klo-17-19\\\/#primaryimage\"},\"thumbnailUrl\":\"https:\\\/\\\/www.lammi.fi\\\/kivitalo\\\/wp-content\\\/uploads\\\/sites\\\/2\\\/2025\\\/11\\\/3D-Jarvinen.jpg\",\"keywords\":[\"espoo\",\"kivitalon rakentaminen\",\"taloesittely\",\"vinkit rakentajalle\"],\"articleSection\":[\"Ajankohtaista\"],\"inLanguage\":\"fi\"},{\"@type\":\"WebPage\",\"@id\":\"https:\\\/\\\/www.lammi.fi\\\/kivitalo\\\/taloesittely-jyvaskylassa-perjantaina-20-3-2026-klo-17-19\\\/\",\"url\":\"https:\\\/\\\/www.lammi.fi\\\/kivitalo\\\/taloesittely-jyvaskylassa-perjantaina-20-3-2026-klo-17-19\\\/\",\"name\":\"Taloesittely Jyv\u00e4skyl\u00e4ss\u00e4 perjantaina 20.3.2026 klo 17-19 - Lammi Kivitalo\",\"isPartOf\":{\"@id\":\"https:\\\/\\\/www.lammi.fi\\\/kivitalo\\\/#website\"},\"primaryImageOfPage\":{\"@id\":\"https:\\\/\\\/www.lammi.fi\\\/kivitalo\\\/taloesittely-jyvaskylassa-perjantaina-20-3-2026-klo-17-19\\\/#primaryimage\"},\"image\":{\"@id\":\"https:\\\/\\\/www.lammi.fi\\\/kivitalo\\\/taloesittely-jyvaskylassa-perjantaina-20-3-2026-klo-17-19\\\/#primaryimage\"},\"thumbnailUrl\":\"https:\\\/\\\/www.lammi.fi\\\/kivitalo\\\/wp-content\\\/uploads\\\/sites\\\/2\\\/2025\\\/11\\\/3D-Jarvinen.jpg\",\"datePublished\":\"2026-03-04T09:55:47+00:00\",\"dateModified\":\"2026-03-25T06:43:35+00:00\",\"description\":\"Tule hakemaan arvokkaat vinkit oman kotisi suunnitteluun ja rakentamiseen Lammi Taloesittelyst\u00e4 Espoossa.\",\"breadcrumb\":{\"@id\":\"https:\\\/\\\/www.lammi.fi\\\/kivitalo\\\/taloesittely-jyvaskylassa-perjantaina-20-3-2026-klo-17-19\\\/#breadcrumb\"},\"inLanguage\":\"fi\",\"potentialAction\":[{\"@type\":\"ReadAction\",\"target\":[\"https:\\\/\\\/www.lammi.fi\\\/kivitalo\\\/taloesittely-jyvaskylassa-perjantaina-20-3-2026-klo-17-19\\\/\"]}]},{\"@type\":\"ImageObject\",\"inLanguage\":\"fi\",\"@id\":\"https:\\\/\\\/www.lammi.fi\\\/kivitalo\\\/taloesittely-jyvaskylassa-perjantaina-20-3-2026-klo-17-19\\\/#primaryimage\",\"url\":\"https:\\\/\\\/www.lammi.fi\\\/kivitalo\\\/wp-content\\\/uploads\\\/sites\\\/2\\\/2025\\\/11\\\/3D-Jarvinen.jpg\",\"contentUrl\":\"https:\\\/\\\/www.lammi.fi\\\/kivitalo\\\/wp-content\\\/uploads\\\/sites\\\/2\\\/2025\\\/11\\\/3D-Jarvinen.jpg\",\"width\":786,\"height\":412},{\"@type\":\"BreadcrumbList\",\"@id\":\"https:\\\/\\\/www.lammi.fi\\\/kivitalo\\\/taloesittely-jyvaskylassa-perjantaina-20-3-2026-klo-17-19\\\/#breadcrumb\",\"itemListElement\":[{\"@type\":\"ListItem\",\"position\":1,\"name\":\"Lammi.fi\",\"item\":\"https:\\\/\\\/www.lammi.fi\"},{\"@type\":\"ListItem\",\"position\":2,\"name\":\"Lammi Kivitalo\",\"item\":\"https:\\\/\\\/www.lammi.fi\\\/kivitalo\\\/\"},{\"@type\":\"ListItem\",\"position\":3,\"name\":\"Taloesittely Jyv\u00e4skyl\u00e4ss\u00e4 perjantaina 20.3.2026 klo 17-19\"}]},{\"@type\":\"WebSite\",\"@id\":\"https:\\\/\\\/www.lammi.fi\\\/kivitalo\\\/#website\",\"url\":\"https:\\\/\\\/www.lammi.fi\\\/kivitalo\\\/\",\"name\":\"Lammi Kivitalo\",\"description\":\"\",\"publisher\":{\"@id\":\"https:\\\/\\\/www.lammi.fi\\\/kivitalo\\\/#organization\"},\"potentialAction\":[{\"@type\":\"SearchAction\",\"target\":{\"@type\":\"EntryPoint\",\"urlTemplate\":\"https:\\\/\\\/www.lammi.fi\\\/kivitalo\\\/?s={search_term_string}\"},\"query-input\":{\"@type\":\"PropertyValueSpecification\",\"valueRequired\":true,\"valueName\":\"search_term_string\"}}],\"inLanguage\":\"fi\"},{\"@type\":\"Organization\",\"@id\":\"https:\\\/\\\/www.lammi.fi\\\/kivitalo\\\/#organization\",\"name\":\"Lammi Kivitalo\",\"url\":\"https:\\\/\\\/www.lammi.fi\\\/kivitalo\\\/\",\"logo\":{\"@type\":\"ImageObject\",\"inLanguage\":\"fi\",\"@id\":\"https:\\\/\\\/www.lammi.fi\\\/kivitalo\\\/#\\\/schema\\\/logo\\\/image\\\/\",\"url\":\"https:\\\/\\\/www.lammi.fi\\\/kivitalo\\\/wp-content\\\/uploads\\\/sites\\\/2\\\/2018\\\/05\\\/cropped-lammi_logo.png\",\"contentUrl\":\"https:\\\/\\\/www.lammi.fi\\\/kivitalo\\\/wp-content\\\/uploads\\\/sites\\\/2\\\/2018\\\/05\\\/cropped-lammi_logo.png\",\"width\":240,\"height\":122,\"caption\":\"Lammi Kivitalo\"},\"image\":{\"@id\":\"https:\\\/\\\/www.lammi.fi\\\/kivitalo\\\/#\\\/schema\\\/logo\\\/image\\\/\"},\"sameAs\":[\"https:\\\/\\\/www.facebook.com\\\/LammiKivitalot\",\"https:\\\/\\\/www.instagram.com\\\/lammikivitalot\\\/\",\"https:\\\/\\\/fi.pinterest.com\\\/lammikivitalot\\\/\"]},{\"@type\":\"Person\",\"@id\":\"https:\\\/\\\/www.lammi.fi\\\/kivitalo\\\/#\\\/schema\\\/person\\\/b4a3064da35885c3f3143f2f1e605956\",\"name\":\"pauliinavesinen\",\"image\":{\"@type\":\"ImageObject\",\"inLanguage\":\"fi\",\"@id\":\"https:\\\/\\\/secure.gravatar.com\\\/avatar\\\/75f9fe104787598c7826b52e1d3fa84504f23df0ea52d0fe10cd3df366ef6d8f?s=96&d=mm&r=g\",\"url\":\"https:\\\/\\\/secure.gravatar.com\\\/avatar\\\/75f9fe104787598c7826b52e1d3fa84504f23df0ea52d0fe10cd3df366ef6d8f?s=96&d=mm&r=g\",\"contentUrl\":\"https:\\\/\\\/secure.gravatar.com\\\/avatar\\\/75f9fe104787598c7826b52e1d3fa84504f23df0ea52d0fe10cd3df366ef6d8f?s=96&d=mm&r=g\",\"caption\":\"pauliinavesinen\"},\"url\":\"https:\\\/\\\/www.lammi.fi\\\/kivitalo\\\/author\\\/pauliinavesinen\\\/\"}]}<\/script>\n<!-- \/ Yoast SEO plugin. -->","yoast_head_json":{"title":"Taloesittely Jyv\u00e4skyl\u00e4ss\u00e4 perjantaina 20.3.2026 klo 17-19 - Lammi Kivitalo","description":"Tule hakemaan arvokkaat vinkit oman kotisi suunnitteluun ja rakentamiseen Lammi Taloesittelyst\u00e4 Espoossa.","canonical":"https:\/\/www.lammi.fi\/kivitalo\/taloesittely-jyvaskylassa-perjantaina-20-3-2026-klo-17-19\/","og_locale":"fi_FI","og_type":"article","og_title":"Taloesittely Jyv\u00e4skyl\u00e4ss\u00e4 perjantaina 20.3.2026 klo 17-19 - Lammi Kivitalo","og_description":"Tule hakemaan arvokkaat vinkit oman kotisi suunnitteluun ja rakentamiseen Lammi Taloesittelyst\u00e4 Espoossa.","og_url":"https:\/\/www.lammi.fi\/kivitalo\/taloesittely-jyvaskylassa-perjantaina-20-3-2026-klo-17-19\/","og_site_name":"Lammi Kivitalo","article_publisher":"https:\/\/www.facebook.com\/LammiKivitalot","article_published_time":"2026-03-04T09:55:47+00:00","article_modified_time":"2026-03-25T06:43:35+00:00","og_image":[{"width":786,"height":412,"url":"https:\/\/www.lammi.fi\/kivitalo\/wp-content\/uploads\/sites\/2\/2025\/11\/3D-Jarvinen.jpg","type":"image\/jpeg"}],"author":"pauliinavesinen","twitter_card":"summary_large_image","twitter_misc":{"Kirjoittanut":"pauliinavesinen","Arvioitu lukuaika":"2 minuuttia"},"schema":{"@context":"https:\/\/schema.org","@graph":[{"@type":"Article","@id":"https:\/\/www.lammi.fi\/kivitalo\/taloesittely-jyvaskylassa-perjantaina-20-3-2026-klo-17-19\/#article","isPartOf":{"@id":"https:\/\/www.lammi.fi\/kivitalo\/taloesittely-jyvaskylassa-perjantaina-20-3-2026-klo-17-19\/"},"author":{"name":"pauliinavesinen","@id":"https:\/\/www.lammi.fi\/kivitalo\/#\/schema\/person\/b4a3064da35885c3f3143f2f1e605956"},"headline":"Taloesittely Jyv\u00e4skyl\u00e4ss\u00e4 perjantaina 20.3.2026 klo 17-19","datePublished":"2026-03-04T09:55:47+00:00","dateModified":"2026-03-25T06:43:35+00:00","mainEntityOfPage":{"@id":"https:\/\/www.lammi.fi\/kivitalo\/taloesittely-jyvaskylassa-perjantaina-20-3-2026-klo-17-19\/"},"wordCount":153,"publisher":{"@id":"https:\/\/www.lammi.fi\/kivitalo\/#organization"},"image":{"@id":"https:\/\/www.lammi.fi\/kivitalo\/taloesittely-jyvaskylassa-perjantaina-20-3-2026-klo-17-19\/#primaryimage"},"thumbnailUrl":"https:\/\/www.lammi.fi\/kivitalo\/wp-content\/uploads\/sites\/2\/2025\/11\/3D-Jarvinen.jpg","keywords":["espoo","kivitalon rakentaminen","taloesittely","vinkit rakentajalle"],"articleSection":["Ajankohtaista"],"inLanguage":"fi"},{"@type":"WebPage","@id":"https:\/\/www.lammi.fi\/kivitalo\/taloesittely-jyvaskylassa-perjantaina-20-3-2026-klo-17-19\/","url":"https:\/\/www.lammi.fi\/kivitalo\/taloesittely-jyvaskylassa-perjantaina-20-3-2026-klo-17-19\/","name":"Taloesittely Jyv\u00e4skyl\u00e4ss\u00e4 perjantaina 20.3.2026 klo 17-19 - Lammi Kivitalo","isPartOf":{"@id":"https:\/\/www.lammi.fi\/kivitalo\/#website"},"primaryImageOfPage":{"@id":"https:\/\/www.lammi.fi\/kivitalo\/taloesittely-jyvaskylassa-perjantaina-20-3-2026-klo-17-19\/#primaryimage"},"image":{"@id":"https:\/\/www.lammi.fi\/kivitalo\/taloesittely-jyvaskylassa-perjantaina-20-3-2026-klo-17-19\/#primaryimage"},"thumbnailUrl":"https:\/\/www.lammi.fi\/kivitalo\/wp-content\/uploads\/sites\/2\/2025\/11\/3D-Jarvinen.jpg","datePublished":"2026-03-04T09:55:47+00:00","dateModified":"2026-03-25T06:43:35+00:00","description":"Tule hakemaan arvokkaat vinkit oman kotisi suunnitteluun ja rakentamiseen Lammi Taloesittelyst\u00e4 Espoossa.","breadcrumb":{"@id":"https:\/\/www.lammi.fi\/kivitalo\/taloesittely-jyvaskylassa-perjantaina-20-3-2026-klo-17-19\/#breadcrumb"},"inLanguage":"fi","potentialAction":[{"@type":"ReadAction","target":["https:\/\/www.lammi.fi\/kivitalo\/taloesittely-jyvaskylassa-perjantaina-20-3-2026-klo-17-19\/"]}]},{"@type":"ImageObject","inLanguage":"fi","@id":"https:\/\/www.lammi.fi\/kivitalo\/taloesittely-jyvaskylassa-perjantaina-20-3-2026-klo-17-19\/#primaryimage","url":"https:\/\/www.lammi.fi\/kivitalo\/wp-content\/uploads\/sites\/2\/2025\/11\/3D-Jarvinen.jpg","contentUrl":"https:\/\/www.lammi.fi\/kivitalo\/wp-content\/uploads\/sites\/2\/2025\/11\/3D-Jarvinen.jpg","width":786,"height":412},{"@type":"BreadcrumbList","@id":"https:\/\/www.lammi.fi\/kivitalo\/taloesittely-jyvaskylassa-perjantaina-20-3-2026-klo-17-19\/#breadcrumb","itemListElement":[{"@type":"ListItem","position":1,"name":"Lammi.fi","item":"https:\/\/www.lammi.fi"},{"@type":"ListItem","position":2,"name":"Lammi Kivitalo","item":"https:\/\/www.lammi.fi\/kivitalo\/"},{"@type":"ListItem","position":3,"name":"Taloesittely Jyv\u00e4skyl\u00e4ss\u00e4 perjantaina 20.3.2026 klo 17-19"}]},{"@type":"WebSite","@id":"https:\/\/www.lammi.fi\/kivitalo\/#website","url":"https:\/\/www.lammi.fi\/kivitalo\/","name":"Lammi Kivitalo","description":"","publisher":{"@id":"https:\/\/www.lammi.fi\/kivitalo\/#organization"},"potentialAction":[{"@type":"SearchAction","target":{"@type":"EntryPoint","urlTemplate":"https:\/\/www.lammi.fi\/kivitalo\/?s={search_term_string}"},"query-input":{"@type":"PropertyValueSpecification","valueRequired":true,"valueName":"search_term_string"}}],"inLanguage":"fi"},{"@type":"Organization","@id":"https:\/\/www.lammi.fi\/kivitalo\/#organization","name":"Lammi Kivitalo","url":"https:\/\/www.lammi.fi\/kivitalo\/","logo":{"@type":"ImageObject","inLanguage":"fi","@id":"https:\/\/www.lammi.fi\/kivitalo\/#\/schema\/logo\/image\/","url":"https:\/\/www.lammi.fi\/kivitalo\/wp-content\/uploads\/sites\/2\/2018\/05\/cropped-lammi_logo.png","contentUrl":"https:\/\/www.lammi.fi\/kivitalo\/wp-content\/uploads\/sites\/2\/2018\/05\/cropped-lammi_logo.png","width":240,"height":122,"caption":"Lammi Kivitalo"},"image":{"@id":"https:\/\/www.lammi.fi\/kivitalo\/#\/schema\/logo\/image\/"},"sameAs":["https:\/\/www.facebook.com\/LammiKivitalot","https:\/\/www.instagram.com\/lammikivitalot\/","https:\/\/fi.pinterest.com\/lammikivitalot\/"]},{"@type":"Person","@id":"https:\/\/www.lammi.fi\/kivitalo\/#\/schema\/person\/b4a3064da35885c3f3143f2f1e605956","name":"pauliinavesinen","image":{"@type":"ImageObject","inLanguage":"fi","@id":"https:\/\/secure.gravatar.com\/avatar\/75f9fe104787598c7826b52e1d3fa84504f23df0ea52d0fe10cd3df366ef6d8f?s=96&d=mm&r=g","url":"https:\/\/secure.gravatar.com\/avatar\/75f9fe104787598c7826b52e1d3fa84504f23df0ea52d0fe10cd3df366ef6d8f?s=96&d=mm&r=g","contentUrl":"https:\/\/secure.gravatar.com\/avatar\/75f9fe104787598c7826b52e1d3fa84504f23df0ea52d0fe10cd3df366ef6d8f?s=96&d=mm&r=g","caption":"pauliinavesinen"},"url":"https:\/\/www.lammi.fi\/kivitalo\/author\/pauliinavesinen\/"}]}},"_links":{"self":[{"href":"https:\/\/www.lammi.fi\/kivitalo\/wp-json\/wp\/v2\/posts\/15807","targetHints":{"allow":["GET"]}}],"collection":[{"href":"https:\/\/www.lammi.fi\/kivitalo\/wp-json\/wp\/v2\/posts"}],"about":[{"href":"https:\/\/www.lammi.fi\/kivitalo\/wp-json\/wp\/v2\/types\/post"}],"author":[{"embeddable":true,"href":"https:\/\/www.lammi.fi\/kivitalo\/wp-json\/wp\/v2\/users\/11"}],"replies":[{"embeddable":true,"href":"https:\/\/www.lammi.fi\/kivitalo\/wp-json\/wp\/v2\/comments?post=15807"}],"version-history":[{"count":6,"href":"https:\/\/www.lammi.fi\/kivitalo\/wp-json\/wp\/v2\/posts\/15807\/revisions"}],"predecessor-version":[{"id":15831,"href":"https:\/\/www.lammi.fi\/kivitalo\/wp-json\/wp\/v2\/posts\/15807\/revisions\/15831"}],"wp:attachment":[{"href":"https:\/\/www.lammi.fi\/kivitalo\/wp-json\/wp\/v2\/media?parent=15807"}],"wp:term":[{"taxonomy":"category","embeddable":true,"href":"https:\/\/www.lammi.fi\/kivitalo\/wp-json\/wp\/v2\/categories?post=15807"},{"taxonomy":"post_tag","embeddable":true,"href":"https:\/\/www.lammi.fi\/kivitalo\/wp-json\/wp\/v2\/tags?post=15807"}],"curies":[{"name":"wp","href":"https:\/\/api.w.org\/{rel}","templated":true}]}}