{"id":15803,"date":"2026-03-03T11:21:48","date_gmt":"2026-03-03T08:21:48","guid":{"rendered":"https:\/\/www.lammi.fi\/kivitalo\/?p=15803"},"modified":"2026-03-03T11:21:48","modified_gmt":"2026-03-03T08:21:48","slug":"prkk-pientalo-kivesta-rakentajakoulu-webinaarina-5-3-2026","status":"publish","type":"post","link":"https:\/\/www.lammi.fi\/kivitalo\/prkk-pientalo-kivesta-rakentajakoulu-webinaarina-5-3-2026\/","title":{"rendered":"PRKK Pientalo Kivest\u00e4 -rakentajakoulu webinaarina 5.3.2026"},"content":{"rendered":"<p><img decoding=\"async\" class=\"size-large wp-image-14861 alignnone\" src=\"https:\/\/www.lammi.fi\/kivitalo\/wp-content\/uploads\/sites\/2\/2025\/08\/LAMMI_USVA-vaaka-1024x636.jpg\" alt=\"\" width=\"840\" height=\"522\" srcset=\"https:\/\/www.lammi.fi\/kivitalo\/wp-content\/uploads\/sites\/2\/2025\/08\/LAMMI_USVA-vaaka-1024x636.jpg 1024w, https:\/\/www.lammi.fi\/kivitalo\/wp-content\/uploads\/sites\/2\/2025\/08\/LAMMI_USVA-vaaka-300x186.jpg 300w, https:\/\/www.lammi.fi\/kivitalo\/wp-content\/uploads\/sites\/2\/2025\/08\/LAMMI_USVA-vaaka-768x477.jpg 768w, https:\/\/www.lammi.fi\/kivitalo\/wp-content\/uploads\/sites\/2\/2025\/08\/LAMMI_USVA-vaaka-1536x953.jpg 1536w, https:\/\/www.lammi.fi\/kivitalo\/wp-content\/uploads\/sites\/2\/2025\/08\/LAMMI_USVA-vaaka-2048x1271.jpg 2048w, https:\/\/www.lammi.fi\/kivitalo\/wp-content\/uploads\/sites\/2\/2025\/08\/LAMMI_USVA-vaaka-1200x745.jpg 1200w, https:\/\/www.lammi.fi\/kivitalo\/wp-content\/uploads\/sites\/2\/2025\/08\/LAMMI_USVA-vaaka-260x161.jpg 260w, https:\/\/www.lammi.fi\/kivitalo\/wp-content\/uploads\/sites\/2\/2025\/08\/LAMMI_USVA-vaaka-967x600.jpg 967w, https:\/\/www.lammi.fi\/kivitalo\/wp-content\/uploads\/sites\/2\/2025\/08\/LAMMI_USVA-vaaka-1815x1127.jpg 1815w\" sizes=\"(max-width: 709px) 85vw, (max-width: 909px) 67vw, (max-width: 1362px) 62vw, 840px\" \/><\/p>\n<p><span style=\"font-size: 24px\">Onko kivitalon rakentaminen tai rakennuttaminen suunnitelmissasi?<\/span><\/p>\n<p><span style=\"font-size: 24px\"><span style=\"font-size: 18px\">Lammi-Kivitalot ja PRKK toivottavat Sinut l\u00e4mpim\u00e4sti tervetulleeksi Pientalo Kivest\u00e4 -rakentajakouluun!<\/span><\/span><\/p>\n<p><strong>Aj<\/strong><strong>a<\/strong><strong>nkohta: torstaina 5.3.2026 klo 17.30-19.30<br \/>\n<\/strong><strong>Paikka: webinaari<\/strong><br \/>\n<strong>J\u00e4rjest\u00e4j\u00e4: PRKK ry<\/strong><\/p>\n<p>PRKK:n Pientalo Kivest\u00e4 -rakentajakoulussa syvennyt\u00e4\u00e4n erilaisiin omakotitalon kivirunkomateriaaleihin, rakennuttamiseen ja rakentamisen kustannuksiin vaikuttaviin asioihin sek\u00e4 keinoihin, joilla varmistetaan laadukas lopputulos.<\/p>\n<p><a href=\"https:\/\/www.prkk.fi\/ilmaiset-koulutukset\/kivitalon-rakentajakoulut\/pientalo-kivesta-rakentajakoulu\" target=\"_blank\" rel=\"noopener\">ILMOITTAUDU T\u00c4ST\u00c4<\/a> mukaan maksuttomaan rakentajakouluun ja tule kuulemaan lis\u00e4\u00e4 mm. kivest\u00e4 rakennusmateriaalina, rakennushankkeen vaiheista, rakennuttajan teht\u00e4vist\u00e4, suunnitteluty\u00f6st\u00e4, energiavalinnoista ja laadunvalvonnasta. Lis\u00e4ksi arkkitehti Tero Sepp\u00e4nen kertoo arkkitehti- ja p\u00e4\u00e4suunnittelun merkityksest\u00e4 hyv\u00e4n laadun peruspilareina.<br \/>\nKoulutus pidet\u00e4\u00e4n Teams-webinaarina.<\/p>\n<p>Lue tarkemmin koulutussis\u00e4ll\u00f6st\u00e4 ja koulutuksista: <a href=\"http:\/\/www.prkk.fi\/koulutukset\" target=\"_blank\" rel=\"noopener\">www.prkk.fi\/koulutukset.<\/a><\/p>\n<p>HUOM! Ilmoittautumisaika p\u00e4\u00e4ttyy 5.3. klo 13. Oikein suoritetun ilmoittautumisen j\u00e4lkeen saat s\u00e4hk\u00f6postiisi vahvistuksen, jossa on mukana henkil\u00f6kohtainen koulutuslinkkisi.<\/p>\n<p>Lis\u00e4tietoja koulutuksista p. 0207 312 312 tai <a href=\"http:\/\/www.prkk.fi\" target=\"_blank\" rel=\"noopener\">www.prkk.fi.<\/a><\/p>\n<p>Jos haluat lis\u00e4tietoja Lammi-Kivitaloista, voit j\u00e4tt\u00e4\u00e4 meille yhteydenottopyynn\u00f6n <a href=\"https:\/\/www.lammi.fi\/kivitalo\/yhteydenottopyynto\/\" target=\"_blank\" rel=\"noopener\">T\u00c4ST\u00c4.<\/a><\/p>\n<p>Tervetuloa!<\/p>\n","protected":false},"excerpt":{"rendered":"<p>Onko kivitalon rakentaminen tai rakennuttaminen suunnitelmissasi? Lammi-Kivitalot ja PRKK toivottavat Sinut l\u00e4mpim\u00e4sti tervetulleeksi Pientalo Kivest\u00e4 -rakentajakouluun! Ajankohta: torstaina 5.3.2026 klo 17.30-19.30 Paikka: webinaari J\u00e4rjest\u00e4j\u00e4: PRKK ry PRKK:n Pientalo Kivest\u00e4 -rakentajakoulussa syvennyt\u00e4\u00e4n erilaisiin omakotitalon kivirunkomateriaaleihin, rakennuttamiseen ja rakentamisen kustannuksiin vaikuttaviin asioihin sek\u00e4 keinoihin, joilla varmistetaan laadukas lopputulos. ILMOITTAUDU T\u00c4ST\u00c4 mukaan maksuttomaan rakentajakouluun ja tule kuulemaan lis\u00e4\u00e4 &hellip; <a href=\"https:\/\/www.lammi.fi\/kivitalo\/prkk-pientalo-kivesta-rakentajakoulu-webinaarina-5-3-2026\/\" class=\"more-link\">Lue lis\u00e4\u00e4<span class=\"screen-reader-text\"> &#8221;PRKK Pientalo Kivest\u00e4 -rakentajakoulu webinaarina 5.3.2026&#8221;<\/span><\/a><\/p>\n","protected":false},"author":11,"featured_media":0,"comment_status":"closed","ping_status":"closed","sticky":false,"template":"","format":"standard","meta":{"_acf_changed":false,"_improvement_type_select":"improve_an_existing","_thumb_yes_seoaic":false,"_frame_yes_seoaic":false,"seoaic_generate_description":"","seoaic_improve_instructions_prompt":"","seoaic_rollback_content_improvement":"","seoaic_idea_thumbnail_generator":"","thumbnail_generated":false,"thumbnail_generate_prompt":"","seoaic_article_description":"","seoaic_article_subtitles":[],"footnotes":""},"categories":[1],"tags":[102,113,83,114],"class_list":["post-15803","post","type-post","status-publish","format-standard","hentry","category-ajankohtaista","tag-kivitalo","tag-kivitalon-rakentaminen","tag-kivitalorakentaminen","tag-rakentajakoulu"],"acf":[],"yoast_head":"<!-- This site is optimized with the Yoast SEO plugin v27.4 - https:\/\/yoast.com\/product\/yoast-seo-wordpress\/ -->\n<title>PRKK Pientalo Kivest\u00e4 -rakentajakoulu webinaarina 5.3.2026 - Lammi Kivitalo<\/title>\n<meta name=\"description\" content=\"Onko kivitalon rakentaminen tai rakennuttaminen suunnitelmissasi? Tervetuloa Pientalo Kivest\u00e4 -rakentajakouluun!\" \/>\n<link rel=\"canonical\" href=\"https:\/\/www.lammi.fi\/kivitalo\/prkk-pientalo-kivesta-rakentajakoulu-webinaarina-5-3-2026\/\" \/>\n<meta property=\"og:locale\" content=\"fi_FI\" \/>\n<meta property=\"og:type\" content=\"article\" \/>\n<meta property=\"og:title\" content=\"PRKK Pientalo Kivest\u00e4 -rakentajakoulu webinaarina 5.3.2026 - Lammi Kivitalo\" \/>\n<meta property=\"og:description\" content=\"Onko kivitalon rakentaminen tai rakennuttaminen suunnitelmissasi? Tervetuloa Pientalo Kivest\u00e4 -rakentajakouluun!\" \/>\n<meta property=\"og:url\" content=\"https:\/\/www.lammi.fi\/kivitalo\/prkk-pientalo-kivesta-rakentajakoulu-webinaarina-5-3-2026\/\" \/>\n<meta property=\"og:site_name\" content=\"Lammi Kivitalo\" \/>\n<meta property=\"article:publisher\" content=\"https:\/\/www.facebook.com\/LammiKivitalot\" \/>\n<meta property=\"article:published_time\" content=\"2026-03-03T08:21:48+00:00\" \/>\n<meta property=\"og:image\" content=\"https:\/\/www.lammi.fi\/kivitalo\/wp-content\/uploads\/sites\/2\/2025\/08\/LAMMI_USVA-vaaka-scaled.jpg\" \/>\n\t<meta property=\"og:image:width\" content=\"2560\" \/>\n\t<meta property=\"og:image:height\" content=\"1589\" \/>\n\t<meta property=\"og:image:type\" content=\"image\/jpeg\" \/>\n<meta name=\"author\" content=\"pauliinavesinen\" \/>\n<meta name=\"twitter:card\" content=\"summary_large_image\" \/>\n<meta name=\"twitter:label1\" content=\"Kirjoittanut\" \/>\n\t<meta name=\"twitter:data1\" content=\"pauliinavesinen\" \/>\n\t<meta name=\"twitter:label2\" content=\"Arvioitu lukuaika\" \/>\n\t<meta name=\"twitter:data2\" content=\"1 minuutti\" \/>\n<script type=\"application\/ld+json\" class=\"yoast-schema-graph\">{\"@context\":\"https:\\\/\\\/schema.org\",\"@graph\":[{\"@type\":\"Article\",\"@id\":\"https:\\\/\\\/www.lammi.fi\\\/kivitalo\\\/prkk-pientalo-kivesta-rakentajakoulu-webinaarina-5-3-2026\\\/#article\",\"isPartOf\":{\"@id\":\"https:\\\/\\\/www.lammi.fi\\\/kivitalo\\\/prkk-pientalo-kivesta-rakentajakoulu-webinaarina-5-3-2026\\\/\"},\"author\":{\"name\":\"pauliinavesinen\",\"@id\":\"https:\\\/\\\/www.lammi.fi\\\/kivitalo\\\/#\\\/schema\\\/person\\\/b4a3064da35885c3f3143f2f1e605956\"},\"headline\":\"PRKK Pientalo Kivest\u00e4 -rakentajakoulu webinaarina 5.3.2026\",\"datePublished\":\"2026-03-03T08:21:48+00:00\",\"mainEntityOfPage\":{\"@id\":\"https:\\\/\\\/www.lammi.fi\\\/kivitalo\\\/prkk-pientalo-kivesta-rakentajakoulu-webinaarina-5-3-2026\\\/\"},\"wordCount\":155,\"publisher\":{\"@id\":\"https:\\\/\\\/www.lammi.fi\\\/kivitalo\\\/#organization\"},\"image\":{\"@id\":\"https:\\\/\\\/www.lammi.fi\\\/kivitalo\\\/prkk-pientalo-kivesta-rakentajakoulu-webinaarina-5-3-2026\\\/#primaryimage\"},\"thumbnailUrl\":\"https:\\\/\\\/www.lammi.fi\\\/kivitalo\\\/wp-content\\\/uploads\\\/sites\\\/2\\\/2025\\\/08\\\/LAMMI_USVA-vaaka-1024x636.jpg\",\"keywords\":[\"kivitalo\",\"kivitalon rakentaminen\",\"kivitalorakentaminen\",\"rakentajakoulu\"],\"articleSection\":[\"Ajankohtaista\"],\"inLanguage\":\"fi\"},{\"@type\":\"WebPage\",\"@id\":\"https:\\\/\\\/www.lammi.fi\\\/kivitalo\\\/prkk-pientalo-kivesta-rakentajakoulu-webinaarina-5-3-2026\\\/\",\"url\":\"https:\\\/\\\/www.lammi.fi\\\/kivitalo\\\/prkk-pientalo-kivesta-rakentajakoulu-webinaarina-5-3-2026\\\/\",\"name\":\"PRKK Pientalo Kivest\u00e4 -rakentajakoulu webinaarina 5.3.2026 - Lammi Kivitalo\",\"isPartOf\":{\"@id\":\"https:\\\/\\\/www.lammi.fi\\\/kivitalo\\\/#website\"},\"primaryImageOfPage\":{\"@id\":\"https:\\\/\\\/www.lammi.fi\\\/kivitalo\\\/prkk-pientalo-kivesta-rakentajakoulu-webinaarina-5-3-2026\\\/#primaryimage\"},\"image\":{\"@id\":\"https:\\\/\\\/www.lammi.fi\\\/kivitalo\\\/prkk-pientalo-kivesta-rakentajakoulu-webinaarina-5-3-2026\\\/#primaryimage\"},\"thumbnailUrl\":\"https:\\\/\\\/www.lammi.fi\\\/kivitalo\\\/wp-content\\\/uploads\\\/sites\\\/2\\\/2025\\\/08\\\/LAMMI_USVA-vaaka-1024x636.jpg\",\"datePublished\":\"2026-03-03T08:21:48+00:00\",\"description\":\"Onko kivitalon rakentaminen tai rakennuttaminen suunnitelmissasi? Tervetuloa Pientalo Kivest\u00e4 -rakentajakouluun!\",\"breadcrumb\":{\"@id\":\"https:\\\/\\\/www.lammi.fi\\\/kivitalo\\\/prkk-pientalo-kivesta-rakentajakoulu-webinaarina-5-3-2026\\\/#breadcrumb\"},\"inLanguage\":\"fi\",\"potentialAction\":[{\"@type\":\"ReadAction\",\"target\":[\"https:\\\/\\\/www.lammi.fi\\\/kivitalo\\\/prkk-pientalo-kivesta-rakentajakoulu-webinaarina-5-3-2026\\\/\"]}]},{\"@type\":\"ImageObject\",\"inLanguage\":\"fi\",\"@id\":\"https:\\\/\\\/www.lammi.fi\\\/kivitalo\\\/prkk-pientalo-kivesta-rakentajakoulu-webinaarina-5-3-2026\\\/#primaryimage\",\"url\":\"https:\\\/\\\/www.lammi.fi\\\/kivitalo\\\/wp-content\\\/uploads\\\/sites\\\/2\\\/2025\\\/08\\\/LAMMI_USVA-vaaka-scaled.jpg\",\"contentUrl\":\"https:\\\/\\\/www.lammi.fi\\\/kivitalo\\\/wp-content\\\/uploads\\\/sites\\\/2\\\/2025\\\/08\\\/LAMMI_USVA-vaaka-scaled.jpg\",\"width\":2560,\"height\":1589},{\"@type\":\"BreadcrumbList\",\"@id\":\"https:\\\/\\\/www.lammi.fi\\\/kivitalo\\\/prkk-pientalo-kivesta-rakentajakoulu-webinaarina-5-3-2026\\\/#breadcrumb\",\"itemListElement\":[{\"@type\":\"ListItem\",\"position\":1,\"name\":\"Lammi.fi\",\"item\":\"https:\\\/\\\/www.lammi.fi\"},{\"@type\":\"ListItem\",\"position\":2,\"name\":\"Lammi Kivitalo\",\"item\":\"https:\\\/\\\/www.lammi.fi\\\/kivitalo\\\/\"},{\"@type\":\"ListItem\",\"position\":3,\"name\":\"PRKK Pientalo Kivest\u00e4 -rakentajakoulu webinaarina 5.3.2026\"}]},{\"@type\":\"WebSite\",\"@id\":\"https:\\\/\\\/www.lammi.fi\\\/kivitalo\\\/#website\",\"url\":\"https:\\\/\\\/www.lammi.fi\\\/kivitalo\\\/\",\"name\":\"Lammi Kivitalo\",\"description\":\"\",\"publisher\":{\"@id\":\"https:\\\/\\\/www.lammi.fi\\\/kivitalo\\\/#organization\"},\"potentialAction\":[{\"@type\":\"SearchAction\",\"target\":{\"@type\":\"EntryPoint\",\"urlTemplate\":\"https:\\\/\\\/www.lammi.fi\\\/kivitalo\\\/?s={search_term_string}\"},\"query-input\":{\"@type\":\"PropertyValueSpecification\",\"valueRequired\":true,\"valueName\":\"search_term_string\"}}],\"inLanguage\":\"fi\"},{\"@type\":\"Organization\",\"@id\":\"https:\\\/\\\/www.lammi.fi\\\/kivitalo\\\/#organization\",\"name\":\"Lammi Kivitalo\",\"url\":\"https:\\\/\\\/www.lammi.fi\\\/kivitalo\\\/\",\"logo\":{\"@type\":\"ImageObject\",\"inLanguage\":\"fi\",\"@id\":\"https:\\\/\\\/www.lammi.fi\\\/kivitalo\\\/#\\\/schema\\\/logo\\\/image\\\/\",\"url\":\"https:\\\/\\\/www.lammi.fi\\\/kivitalo\\\/wp-content\\\/uploads\\\/sites\\\/2\\\/2018\\\/05\\\/cropped-lammi_logo.png\",\"contentUrl\":\"https:\\\/\\\/www.lammi.fi\\\/kivitalo\\\/wp-content\\\/uploads\\\/sites\\\/2\\\/2018\\\/05\\\/cropped-lammi_logo.png\",\"width\":240,\"height\":122,\"caption\":\"Lammi Kivitalo\"},\"image\":{\"@id\":\"https:\\\/\\\/www.lammi.fi\\\/kivitalo\\\/#\\\/schema\\\/logo\\\/image\\\/\"},\"sameAs\":[\"https:\\\/\\\/www.facebook.com\\\/LammiKivitalot\",\"https:\\\/\\\/www.instagram.com\\\/lammikivitalot\\\/\",\"https:\\\/\\\/fi.pinterest.com\\\/lammikivitalot\\\/\"]},{\"@type\":\"Person\",\"@id\":\"https:\\\/\\\/www.lammi.fi\\\/kivitalo\\\/#\\\/schema\\\/person\\\/b4a3064da35885c3f3143f2f1e605956\",\"name\":\"pauliinavesinen\",\"image\":{\"@type\":\"ImageObject\",\"inLanguage\":\"fi\",\"@id\":\"https:\\\/\\\/secure.gravatar.com\\\/avatar\\\/75f9fe104787598c7826b52e1d3fa84504f23df0ea52d0fe10cd3df366ef6d8f?s=96&d=mm&r=g\",\"url\":\"https:\\\/\\\/secure.gravatar.com\\\/avatar\\\/75f9fe104787598c7826b52e1d3fa84504f23df0ea52d0fe10cd3df366ef6d8f?s=96&d=mm&r=g\",\"contentUrl\":\"https:\\\/\\\/secure.gravatar.com\\\/avatar\\\/75f9fe104787598c7826b52e1d3fa84504f23df0ea52d0fe10cd3df366ef6d8f?s=96&d=mm&r=g\",\"caption\":\"pauliinavesinen\"},\"url\":\"https:\\\/\\\/www.lammi.fi\\\/kivitalo\\\/author\\\/pauliinavesinen\\\/\"}]}<\/script>\n<!-- \/ Yoast SEO plugin. -->","yoast_head_json":{"title":"PRKK Pientalo Kivest\u00e4 -rakentajakoulu webinaarina 5.3.2026 - Lammi Kivitalo","description":"Onko kivitalon rakentaminen tai rakennuttaminen suunnitelmissasi? Tervetuloa Pientalo Kivest\u00e4 -rakentajakouluun!","canonical":"https:\/\/www.lammi.fi\/kivitalo\/prkk-pientalo-kivesta-rakentajakoulu-webinaarina-5-3-2026\/","og_locale":"fi_FI","og_type":"article","og_title":"PRKK Pientalo Kivest\u00e4 -rakentajakoulu webinaarina 5.3.2026 - Lammi Kivitalo","og_description":"Onko kivitalon rakentaminen tai rakennuttaminen suunnitelmissasi? Tervetuloa Pientalo Kivest\u00e4 -rakentajakouluun!","og_url":"https:\/\/www.lammi.fi\/kivitalo\/prkk-pientalo-kivesta-rakentajakoulu-webinaarina-5-3-2026\/","og_site_name":"Lammi Kivitalo","article_publisher":"https:\/\/www.facebook.com\/LammiKivitalot","article_published_time":"2026-03-03T08:21:48+00:00","og_image":[{"width":2560,"height":1589,"url":"https:\/\/www.lammi.fi\/kivitalo\/wp-content\/uploads\/sites\/2\/2025\/08\/LAMMI_USVA-vaaka-scaled.jpg","type":"image\/jpeg"}],"author":"pauliinavesinen","twitter_card":"summary_large_image","twitter_misc":{"Kirjoittanut":"pauliinavesinen","Arvioitu lukuaika":"1 minuutti"},"schema":{"@context":"https:\/\/schema.org","@graph":[{"@type":"Article","@id":"https:\/\/www.lammi.fi\/kivitalo\/prkk-pientalo-kivesta-rakentajakoulu-webinaarina-5-3-2026\/#article","isPartOf":{"@id":"https:\/\/www.lammi.fi\/kivitalo\/prkk-pientalo-kivesta-rakentajakoulu-webinaarina-5-3-2026\/"},"author":{"name":"pauliinavesinen","@id":"https:\/\/www.lammi.fi\/kivitalo\/#\/schema\/person\/b4a3064da35885c3f3143f2f1e605956"},"headline":"PRKK Pientalo Kivest\u00e4 -rakentajakoulu webinaarina 5.3.2026","datePublished":"2026-03-03T08:21:48+00:00","mainEntityOfPage":{"@id":"https:\/\/www.lammi.fi\/kivitalo\/prkk-pientalo-kivesta-rakentajakoulu-webinaarina-5-3-2026\/"},"wordCount":155,"publisher":{"@id":"https:\/\/www.lammi.fi\/kivitalo\/#organization"},"image":{"@id":"https:\/\/www.lammi.fi\/kivitalo\/prkk-pientalo-kivesta-rakentajakoulu-webinaarina-5-3-2026\/#primaryimage"},"thumbnailUrl":"https:\/\/www.lammi.fi\/kivitalo\/wp-content\/uploads\/sites\/2\/2025\/08\/LAMMI_USVA-vaaka-1024x636.jpg","keywords":["kivitalo","kivitalon rakentaminen","kivitalorakentaminen","rakentajakoulu"],"articleSection":["Ajankohtaista"],"inLanguage":"fi"},{"@type":"WebPage","@id":"https:\/\/www.lammi.fi\/kivitalo\/prkk-pientalo-kivesta-rakentajakoulu-webinaarina-5-3-2026\/","url":"https:\/\/www.lammi.fi\/kivitalo\/prkk-pientalo-kivesta-rakentajakoulu-webinaarina-5-3-2026\/","name":"PRKK Pientalo Kivest\u00e4 -rakentajakoulu webinaarina 5.3.2026 - Lammi Kivitalo","isPartOf":{"@id":"https:\/\/www.lammi.fi\/kivitalo\/#website"},"primaryImageOfPage":{"@id":"https:\/\/www.lammi.fi\/kivitalo\/prkk-pientalo-kivesta-rakentajakoulu-webinaarina-5-3-2026\/#primaryimage"},"image":{"@id":"https:\/\/www.lammi.fi\/kivitalo\/prkk-pientalo-kivesta-rakentajakoulu-webinaarina-5-3-2026\/#primaryimage"},"thumbnailUrl":"https:\/\/www.lammi.fi\/kivitalo\/wp-content\/uploads\/sites\/2\/2025\/08\/LAMMI_USVA-vaaka-1024x636.jpg","datePublished":"2026-03-03T08:21:48+00:00","description":"Onko kivitalon rakentaminen tai rakennuttaminen suunnitelmissasi? Tervetuloa Pientalo Kivest\u00e4 -rakentajakouluun!","breadcrumb":{"@id":"https:\/\/www.lammi.fi\/kivitalo\/prkk-pientalo-kivesta-rakentajakoulu-webinaarina-5-3-2026\/#breadcrumb"},"inLanguage":"fi","potentialAction":[{"@type":"ReadAction","target":["https:\/\/www.lammi.fi\/kivitalo\/prkk-pientalo-kivesta-rakentajakoulu-webinaarina-5-3-2026\/"]}]},{"@type":"ImageObject","inLanguage":"fi","@id":"https:\/\/www.lammi.fi\/kivitalo\/prkk-pientalo-kivesta-rakentajakoulu-webinaarina-5-3-2026\/#primaryimage","url":"https:\/\/www.lammi.fi\/kivitalo\/wp-content\/uploads\/sites\/2\/2025\/08\/LAMMI_USVA-vaaka-scaled.jpg","contentUrl":"https:\/\/www.lammi.fi\/kivitalo\/wp-content\/uploads\/sites\/2\/2025\/08\/LAMMI_USVA-vaaka-scaled.jpg","width":2560,"height":1589},{"@type":"BreadcrumbList","@id":"https:\/\/www.lammi.fi\/kivitalo\/prkk-pientalo-kivesta-rakentajakoulu-webinaarina-5-3-2026\/#breadcrumb","itemListElement":[{"@type":"ListItem","position":1,"name":"Lammi.fi","item":"https:\/\/www.lammi.fi"},{"@type":"ListItem","position":2,"name":"Lammi Kivitalo","item":"https:\/\/www.lammi.fi\/kivitalo\/"},{"@type":"ListItem","position":3,"name":"PRKK Pientalo Kivest\u00e4 -rakentajakoulu webinaarina 5.3.2026"}]},{"@type":"WebSite","@id":"https:\/\/www.lammi.fi\/kivitalo\/#website","url":"https:\/\/www.lammi.fi\/kivitalo\/","name":"Lammi Kivitalo","description":"","publisher":{"@id":"https:\/\/www.lammi.fi\/kivitalo\/#organization"},"potentialAction":[{"@type":"SearchAction","target":{"@type":"EntryPoint","urlTemplate":"https:\/\/www.lammi.fi\/kivitalo\/?s={search_term_string}"},"query-input":{"@type":"PropertyValueSpecification","valueRequired":true,"valueName":"search_term_string"}}],"inLanguage":"fi"},{"@type":"Organization","@id":"https:\/\/www.lammi.fi\/kivitalo\/#organization","name":"Lammi Kivitalo","url":"https:\/\/www.lammi.fi\/kivitalo\/","logo":{"@type":"ImageObject","inLanguage":"fi","@id":"https:\/\/www.lammi.fi\/kivitalo\/#\/schema\/logo\/image\/","url":"https:\/\/www.lammi.fi\/kivitalo\/wp-content\/uploads\/sites\/2\/2018\/05\/cropped-lammi_logo.png","contentUrl":"https:\/\/www.lammi.fi\/kivitalo\/wp-content\/uploads\/sites\/2\/2018\/05\/cropped-lammi_logo.png","width":240,"height":122,"caption":"Lammi Kivitalo"},"image":{"@id":"https:\/\/www.lammi.fi\/kivitalo\/#\/schema\/logo\/image\/"},"sameAs":["https:\/\/www.facebook.com\/LammiKivitalot","https:\/\/www.instagram.com\/lammikivitalot\/","https:\/\/fi.pinterest.com\/lammikivitalot\/"]},{"@type":"Person","@id":"https:\/\/www.lammi.fi\/kivitalo\/#\/schema\/person\/b4a3064da35885c3f3143f2f1e605956","name":"pauliinavesinen","image":{"@type":"ImageObject","inLanguage":"fi","@id":"https:\/\/secure.gravatar.com\/avatar\/75f9fe104787598c7826b52e1d3fa84504f23df0ea52d0fe10cd3df366ef6d8f?s=96&d=mm&r=g","url":"https:\/\/secure.gravatar.com\/avatar\/75f9fe104787598c7826b52e1d3fa84504f23df0ea52d0fe10cd3df366ef6d8f?s=96&d=mm&r=g","contentUrl":"https:\/\/secure.gravatar.com\/avatar\/75f9fe104787598c7826b52e1d3fa84504f23df0ea52d0fe10cd3df366ef6d8f?s=96&d=mm&r=g","caption":"pauliinavesinen"},"url":"https:\/\/www.lammi.fi\/kivitalo\/author\/pauliinavesinen\/"}]}},"_links":{"self":[{"href":"https:\/\/www.lammi.fi\/kivitalo\/wp-json\/wp\/v2\/posts\/15803","targetHints":{"allow":["GET"]}}],"collection":[{"href":"https:\/\/www.lammi.fi\/kivitalo\/wp-json\/wp\/v2\/posts"}],"about":[{"href":"https:\/\/www.lammi.fi\/kivitalo\/wp-json\/wp\/v2\/types\/post"}],"author":[{"embeddable":true,"href":"https:\/\/www.lammi.fi\/kivitalo\/wp-json\/wp\/v2\/users\/11"}],"replies":[{"embeddable":true,"href":"https:\/\/www.lammi.fi\/kivitalo\/wp-json\/wp\/v2\/comments?post=15803"}],"version-history":[{"count":1,"href":"https:\/\/www.lammi.fi\/kivitalo\/wp-json\/wp\/v2\/posts\/15803\/revisions"}],"predecessor-version":[{"id":15804,"href":"https:\/\/www.lammi.fi\/kivitalo\/wp-json\/wp\/v2\/posts\/15803\/revisions\/15804"}],"wp:attachment":[{"href":"https:\/\/www.lammi.fi\/kivitalo\/wp-json\/wp\/v2\/media?parent=15803"}],"wp:term":[{"taxonomy":"category","embeddable":true,"href":"https:\/\/www.lammi.fi\/kivitalo\/wp-json\/wp\/v2\/categories?post=15803"},{"taxonomy":"post_tag","embeddable":true,"href":"https:\/\/www.lammi.fi\/kivitalo\/wp-json\/wp\/v2\/tags?post=15803"}],"curies":[{"name":"wp","href":"https:\/\/api.w.org\/{rel}","templated":true}]}}