{"id":15577,"date":"2025-11-25T17:03:54","date_gmt":"2025-11-25T14:03:54","guid":{"rendered":"https:\/\/www.lammi.fi\/kivitalo\/?p=15577"},"modified":"2025-11-25T17:03:54","modified_gmt":"2025-11-25T14:03:54","slug":"rakentajamessut-2026","status":"publish","type":"post","link":"https:\/\/www.lammi.fi\/kivitalo\/rakentajamessut-2026\/","title":{"rendered":"Rakentajamessut 2026"},"content":{"rendered":"<p><span style=\"font-size: 24px\">Tervetuloa rakentajamessuille!<br \/>\n<\/span><br \/>\nOlemme vuonna 2026 tuttuun tapaan mukana seuraavilla rakentajamessuilla. Tule tutustumaan kivirakentamisen mahdollisuuksiin ja keskustelemaan asiantuntijoidemme kanssa omista omakotirakentamisen toiveistasi, suunnitelmistasi tai k\u00e4ynniss\u00e4 olevasta hankkeestasi.<\/p>\n<div class=\"oembed oembed-youtube\">\n<div class='consent-placeholder'              data-category='cookie_cat_marketing'              onClick='CookieConsent.renew()'>             <img src='https:\/\/i.ytimg.com\/vi\/kUj2dfxc9ac\/hqdefault.jpg'>            <\/p>\n<div class='text-and-button'>\n<p class='consent-text'>Et ole hyv\u00e4ksynyt markkinoinnin ev\u00e4steit\u00e4 n\u00e4hd\u00e4ksesi videon.<\/p>\n<div class='wp-block-button'>                 <button class='wp-block-button__link kivitalo'>Muuta ev\u00e4steasetuksia<\/button>            <\/div>\n<\/p><\/div>\n<\/p><\/div>\n<p><iframe title=\"Lammin messukev\u00e4t on alkanut - Tule tutustumaan kivirakentamisen mahdollisuuksiin rakentajamessuille\" width=\"840\" height=\"473\" src=\"\" data-consent-src=\"https:\/\/www.youtube.com\/embed\/kUj2dfxc9ac?feature=oembed\" data-category-consent=\"cookie_cat_marketing\" frameborder=\"0\" allow=\"accelerometer; autoplay; clipboard-write; encrypted-media; gyroscope; picture-in-picture; web-share\" referrerpolicy=\"strict-origin-when-cross-origin\" allowfullscreen><\/iframe><\/div>\n<p>&nbsp;<\/p>\n<p>TULEVAT MESSUT:<\/p>\n<div class=\"\" data-block=\"true\" data-editor=\"crr88\" data-offset-key=\"7ced8-0-0\">\n<div class=\"_1mf _1mj\" data-offset-key=\"7ced8-0-0\">\n<p><span style=\"font-size: 18px\">23.-25.1.2026 VANTAA: <\/span><a style=\"font-size: 18px\" href=\"https:\/\/rrmessut.fi\/\" target=\"_blank\" rel=\"noopener\">Rakenna &amp; Remontoi -messut<\/a><br \/>\n30.1.-1.2.2026 TAMPERE: <a href=\"https:\/\/asta.fi\/newfront\/page\/home\" target=\"_blank\" rel=\"noopener\">Asta-messut<\/a><br \/>\n10.-12.4.2026 OULU: <a href=\"https:\/\/www.pohjois-suomenmessut.fi\/tapahtuma\/rakentaja-2026-oulu\/kavijat\/\" target=\"_blank\" rel=\"noopener\">Rakentaja 2026<\/a><br \/>\n29.9.-1.10.2026 HELSINKI: <a href=\"https:\/\/finnbuild.messukeskus.com\/\" target=\"_blank\" rel=\"noopener\">Finnbuild 2026<\/a><\/p>\n<\/div>\n<\/div>\n<div class=\"\" data-block=\"true\" data-editor=\"crr88\" data-offset-key=\"1cdg3-0-0\">\n<div class=\"_1mf _1mj\" data-offset-key=\"1cdg3-0-0\">\n<p>&nbsp;<\/p>\n<\/div>\n<\/div>\n<p><img decoding=\"async\" class=\"wp-image-13874 size-full alignleft\" src=\"https:\/\/www.lammi.fi\/kivitalo\/wp-content\/uploads\/sites\/2\/2024\/12\/messuosasto-1024x861-1.jpg\" alt=\"rakentajamessut\" width=\"1024\" height=\"861\" srcset=\"https:\/\/www.lammi.fi\/kivitalo\/wp-content\/uploads\/sites\/2\/2024\/12\/messuosasto-1024x861-1.jpg 1024w, https:\/\/www.lammi.fi\/kivitalo\/wp-content\/uploads\/sites\/2\/2024\/12\/messuosasto-1024x861-1-300x252.jpg 300w, https:\/\/www.lammi.fi\/kivitalo\/wp-content\/uploads\/sites\/2\/2024\/12\/messuosasto-1024x861-1-768x646.jpg 768w, https:\/\/www.lammi.fi\/kivitalo\/wp-content\/uploads\/sites\/2\/2024\/12\/messuosasto-1024x861-1-260x219.jpg 260w, https:\/\/www.lammi.fi\/kivitalo\/wp-content\/uploads\/sites\/2\/2024\/12\/messuosasto-1024x861-1-714x600.jpg 714w\" sizes=\"(max-width: 1024px) 100vw, 1024px\" \/><\/p>\n<p>Tilaa itsellesi tietoa ja p\u00e4\u00e4syliput oman paikkakuntasi tapahtumiin <a href=\"https:\/\/www.lammi.fi\/kivitalo\/tilaa-infoa-ja-ideoita\/\" target=\"_blank\" rel=\"noopener\">t\u00e4\u00e4ll\u00e4<\/a>.<\/p>\n<p>N\u00e4hd\u00e4\u00e4n messuilla!<\/p>\n","protected":false},"excerpt":{"rendered":"<p>Tervetuloa rakentajamessuille! Olemme vuonna 2026 tuttuun tapaan mukana seuraavilla rakentajamessuilla. Tule tutustumaan kivirakentamisen mahdollisuuksiin ja keskustelemaan asiantuntijoidemme kanssa omista omakotirakentamisen toiveistasi, suunnitelmistasi tai k\u00e4ynniss\u00e4 olevasta hankkeestasi.  TULEVAT MESSUT: 23.-25.1.2026 VANTAA: Rakenna &amp; Remontoi -messut 30.1.-1.2.2026 TAMPERE: Asta-messut 10.-12.4.2026 OULU: Rakentaja 2026 29.9.-1.10.2026 HELSINKI: Finnbuild 2026 &hellip; <a href=\"https:\/\/www.lammi.fi\/kivitalo\/rakentajamessut-2026\/\" class=\"more-link\">Lue lis\u00e4\u00e4<span class=\"screen-reader-text\"> &#8221;Rakentajamessut 2026&#8221;<\/span><\/a><\/p>\n","protected":false},"author":11,"featured_media":0,"comment_status":"closed","ping_status":"closed","sticky":false,"template":"","format":"standard","meta":{"_acf_changed":false,"_improvement_type_select":"improve_an_existing","_thumb_yes_seoaic":false,"_frame_yes_seoaic":false,"seoaic_generate_description":"","seoaic_improve_instructions_prompt":"","seoaic_rollback_content_improvement":"","seoaic_idea_thumbnail_generator":"","thumbnail_generated":false,"thumbnail_generate_prompt":"","seoaic_article_description":"","seoaic_article_subtitles":[],"footnotes":""},"categories":[1],"tags":[88,117,92,89,93,100,118,97,96,84,90,119],"class_list":["post-15577","post","type-post","status-publish","format-standard","hentry","category-ajankohtaista","tag-asta-messut","tag-finnbuild","tag-helsinki","tag-messukevat","tag-oulu","tag-rakenna-ja-asu-messut","tag-rakenna-ja-remontoi","tag-rakennusmessut","tag-rakentaja-messut","tag-rakentajamessut","tag-tampere","tag-vantaa"],"acf":[],"yoast_head":"<!-- This site is optimized with the Yoast SEO plugin v27.4 - https:\/\/yoast.com\/product\/yoast-seo-wordpress\/ -->\n<title>Rakentajamessut 2026 - Lammi Kivitalo<\/title>\n<meta name=\"description\" content=\"Vuoden 2025 rakentajamessut - Lammi on tuttuun tapaan mukana rakentajamessuilla ymp\u00e4ri Suomea. Tilaa itsellesi kutsut tapahtumiin.\" \/>\n<link rel=\"canonical\" href=\"https:\/\/www.lammi.fi\/kivitalo\/rakentajamessut-2026\/\" \/>\n<meta property=\"og:locale\" content=\"fi_FI\" \/>\n<meta property=\"og:type\" content=\"article\" \/>\n<meta property=\"og:title\" content=\"Rakentajamessut 2026 - Lammi Kivitalo\" \/>\n<meta property=\"og:description\" content=\"Vuoden 2025 rakentajamessut - Lammi on tuttuun tapaan mukana rakentajamessuilla ymp\u00e4ri Suomea. Tilaa itsellesi kutsut tapahtumiin.\" \/>\n<meta property=\"og:url\" content=\"https:\/\/www.lammi.fi\/kivitalo\/rakentajamessut-2026\/\" \/>\n<meta property=\"og:site_name\" content=\"Lammi Kivitalo\" \/>\n<meta property=\"article:publisher\" content=\"https:\/\/www.facebook.com\/LammiKivitalot\" \/>\n<meta property=\"article:published_time\" content=\"2025-11-25T14:03:54+00:00\" \/>\n<meta property=\"og:image\" content=\"https:\/\/www.lammi.fi\/kivitalo\/wp-content\/uploads\/sites\/2\/2024\/12\/messuosasto-1024x861-1.jpg\" \/>\n<meta name=\"author\" content=\"pauliinavesinen\" \/>\n<meta name=\"twitter:card\" content=\"summary_large_image\" \/>\n<meta name=\"twitter:label1\" content=\"Kirjoittanut\" \/>\n\t<meta name=\"twitter:data1\" content=\"pauliinavesinen\" \/>\n\t<meta name=\"twitter:label2\" content=\"Arvioitu lukuaika\" \/>\n\t<meta name=\"twitter:data2\" content=\"1 minuutti\" \/>\n<script type=\"application\/ld+json\" class=\"yoast-schema-graph\">{\"@context\":\"https:\\\/\\\/schema.org\",\"@graph\":[{\"@type\":\"Article\",\"@id\":\"https:\\\/\\\/www.lammi.fi\\\/kivitalo\\\/rakentajamessut-2026\\\/#article\",\"isPartOf\":{\"@id\":\"https:\\\/\\\/www.lammi.fi\\\/kivitalo\\\/rakentajamessut-2026\\\/\"},\"author\":{\"name\":\"pauliinavesinen\",\"@id\":\"https:\\\/\\\/www.lammi.fi\\\/kivitalo\\\/#\\\/schema\\\/person\\\/b4a3064da35885c3f3143f2f1e605956\"},\"headline\":\"Rakentajamessut 2026\",\"datePublished\":\"2025-11-25T14:03:54+00:00\",\"mainEntityOfPage\":{\"@id\":\"https:\\\/\\\/www.lammi.fi\\\/kivitalo\\\/rakentajamessut-2026\\\/\"},\"wordCount\":70,\"publisher\":{\"@id\":\"https:\\\/\\\/www.lammi.fi\\\/kivitalo\\\/#organization\"},\"image\":{\"@id\":\"https:\\\/\\\/www.lammi.fi\\\/kivitalo\\\/rakentajamessut-2026\\\/#primaryimage\"},\"thumbnailUrl\":\"https:\\\/\\\/www.lammi.fi\\\/kivitalo\\\/wp-content\\\/uploads\\\/sites\\\/2\\\/2024\\\/12\\\/messuosasto-1024x861-1.jpg\",\"keywords\":[\"asta-messut\",\"finnbuild\",\"helsinki\",\"messukev\u00e4t\",\"oulu\",\"rakenna ja asu -messut\",\"rakenna ja remontoi\",\"rakennusmessut\",\"rakentaja-messut\",\"rakentajamessut\",\"tampere\",\"vantaa\"],\"articleSection\":[\"Ajankohtaista\"],\"inLanguage\":\"fi\"},{\"@type\":\"WebPage\",\"@id\":\"https:\\\/\\\/www.lammi.fi\\\/kivitalo\\\/rakentajamessut-2026\\\/\",\"url\":\"https:\\\/\\\/www.lammi.fi\\\/kivitalo\\\/rakentajamessut-2026\\\/\",\"name\":\"Rakentajamessut 2026 - Lammi Kivitalo\",\"isPartOf\":{\"@id\":\"https:\\\/\\\/www.lammi.fi\\\/kivitalo\\\/#website\"},\"primaryImageOfPage\":{\"@id\":\"https:\\\/\\\/www.lammi.fi\\\/kivitalo\\\/rakentajamessut-2026\\\/#primaryimage\"},\"image\":{\"@id\":\"https:\\\/\\\/www.lammi.fi\\\/kivitalo\\\/rakentajamessut-2026\\\/#primaryimage\"},\"thumbnailUrl\":\"https:\\\/\\\/www.lammi.fi\\\/kivitalo\\\/wp-content\\\/uploads\\\/sites\\\/2\\\/2024\\\/12\\\/messuosasto-1024x861-1.jpg\",\"datePublished\":\"2025-11-25T14:03:54+00:00\",\"description\":\"Vuoden 2025 rakentajamessut - Lammi on tuttuun tapaan mukana rakentajamessuilla ymp\u00e4ri Suomea. Tilaa itsellesi kutsut tapahtumiin.\",\"breadcrumb\":{\"@id\":\"https:\\\/\\\/www.lammi.fi\\\/kivitalo\\\/rakentajamessut-2026\\\/#breadcrumb\"},\"inLanguage\":\"fi\",\"potentialAction\":[{\"@type\":\"ReadAction\",\"target\":[\"https:\\\/\\\/www.lammi.fi\\\/kivitalo\\\/rakentajamessut-2026\\\/\"]}]},{\"@type\":\"ImageObject\",\"inLanguage\":\"fi\",\"@id\":\"https:\\\/\\\/www.lammi.fi\\\/kivitalo\\\/rakentajamessut-2026\\\/#primaryimage\",\"url\":\"https:\\\/\\\/www.lammi.fi\\\/kivitalo\\\/wp-content\\\/uploads\\\/sites\\\/2\\\/2024\\\/12\\\/messuosasto-1024x861-1.jpg\",\"contentUrl\":\"https:\\\/\\\/www.lammi.fi\\\/kivitalo\\\/wp-content\\\/uploads\\\/sites\\\/2\\\/2024\\\/12\\\/messuosasto-1024x861-1.jpg\",\"width\":1024,\"height\":861},{\"@type\":\"BreadcrumbList\",\"@id\":\"https:\\\/\\\/www.lammi.fi\\\/kivitalo\\\/rakentajamessut-2026\\\/#breadcrumb\",\"itemListElement\":[{\"@type\":\"ListItem\",\"position\":1,\"name\":\"Lammi.fi\",\"item\":\"https:\\\/\\\/www.lammi.fi\"},{\"@type\":\"ListItem\",\"position\":2,\"name\":\"Lammi Kivitalo\",\"item\":\"https:\\\/\\\/www.lammi.fi\\\/kivitalo\\\/\"},{\"@type\":\"ListItem\",\"position\":3,\"name\":\"Rakentajamessut 2026\"}]},{\"@type\":\"WebSite\",\"@id\":\"https:\\\/\\\/www.lammi.fi\\\/kivitalo\\\/#website\",\"url\":\"https:\\\/\\\/www.lammi.fi\\\/kivitalo\\\/\",\"name\":\"Lammi Kivitalo\",\"description\":\"\",\"publisher\":{\"@id\":\"https:\\\/\\\/www.lammi.fi\\\/kivitalo\\\/#organization\"},\"potentialAction\":[{\"@type\":\"SearchAction\",\"target\":{\"@type\":\"EntryPoint\",\"urlTemplate\":\"https:\\\/\\\/www.lammi.fi\\\/kivitalo\\\/?s={search_term_string}\"},\"query-input\":{\"@type\":\"PropertyValueSpecification\",\"valueRequired\":true,\"valueName\":\"search_term_string\"}}],\"inLanguage\":\"fi\"},{\"@type\":\"Organization\",\"@id\":\"https:\\\/\\\/www.lammi.fi\\\/kivitalo\\\/#organization\",\"name\":\"Lammi Kivitalo\",\"url\":\"https:\\\/\\\/www.lammi.fi\\\/kivitalo\\\/\",\"logo\":{\"@type\":\"ImageObject\",\"inLanguage\":\"fi\",\"@id\":\"https:\\\/\\\/www.lammi.fi\\\/kivitalo\\\/#\\\/schema\\\/logo\\\/image\\\/\",\"url\":\"https:\\\/\\\/www.lammi.fi\\\/kivitalo\\\/wp-content\\\/uploads\\\/sites\\\/2\\\/2018\\\/05\\\/cropped-lammi_logo.png\",\"contentUrl\":\"https:\\\/\\\/www.lammi.fi\\\/kivitalo\\\/wp-content\\\/uploads\\\/sites\\\/2\\\/2018\\\/05\\\/cropped-lammi_logo.png\",\"width\":240,\"height\":122,\"caption\":\"Lammi Kivitalo\"},\"image\":{\"@id\":\"https:\\\/\\\/www.lammi.fi\\\/kivitalo\\\/#\\\/schema\\\/logo\\\/image\\\/\"},\"sameAs\":[\"https:\\\/\\\/www.facebook.com\\\/LammiKivitalot\",\"https:\\\/\\\/www.instagram.com\\\/lammikivitalot\\\/\",\"https:\\\/\\\/fi.pinterest.com\\\/lammikivitalot\\\/\"]},{\"@type\":\"Person\",\"@id\":\"https:\\\/\\\/www.lammi.fi\\\/kivitalo\\\/#\\\/schema\\\/person\\\/b4a3064da35885c3f3143f2f1e605956\",\"name\":\"pauliinavesinen\",\"image\":{\"@type\":\"ImageObject\",\"inLanguage\":\"fi\",\"@id\":\"https:\\\/\\\/secure.gravatar.com\\\/avatar\\\/75f9fe104787598c7826b52e1d3fa84504f23df0ea52d0fe10cd3df366ef6d8f?s=96&d=mm&r=g\",\"url\":\"https:\\\/\\\/secure.gravatar.com\\\/avatar\\\/75f9fe104787598c7826b52e1d3fa84504f23df0ea52d0fe10cd3df366ef6d8f?s=96&d=mm&r=g\",\"contentUrl\":\"https:\\\/\\\/secure.gravatar.com\\\/avatar\\\/75f9fe104787598c7826b52e1d3fa84504f23df0ea52d0fe10cd3df366ef6d8f?s=96&d=mm&r=g\",\"caption\":\"pauliinavesinen\"},\"url\":\"https:\\\/\\\/www.lammi.fi\\\/kivitalo\\\/author\\\/pauliinavesinen\\\/\"}]}<\/script>\n<!-- \/ Yoast SEO plugin. -->","yoast_head_json":{"title":"Rakentajamessut 2026 - Lammi Kivitalo","description":"Vuoden 2025 rakentajamessut - Lammi on tuttuun tapaan mukana rakentajamessuilla ymp\u00e4ri Suomea. Tilaa itsellesi kutsut tapahtumiin.","canonical":"https:\/\/www.lammi.fi\/kivitalo\/rakentajamessut-2026\/","og_locale":"fi_FI","og_type":"article","og_title":"Rakentajamessut 2026 - Lammi Kivitalo","og_description":"Vuoden 2025 rakentajamessut - Lammi on tuttuun tapaan mukana rakentajamessuilla ymp\u00e4ri Suomea. Tilaa itsellesi kutsut tapahtumiin.","og_url":"https:\/\/www.lammi.fi\/kivitalo\/rakentajamessut-2026\/","og_site_name":"Lammi Kivitalo","article_publisher":"https:\/\/www.facebook.com\/LammiKivitalot","article_published_time":"2025-11-25T14:03:54+00:00","og_image":[{"url":"https:\/\/www.lammi.fi\/kivitalo\/wp-content\/uploads\/sites\/2\/2024\/12\/messuosasto-1024x861-1.jpg","type":"","width":"","height":""}],"author":"pauliinavesinen","twitter_card":"summary_large_image","twitter_misc":{"Kirjoittanut":"pauliinavesinen","Arvioitu lukuaika":"1 minuutti"},"schema":{"@context":"https:\/\/schema.org","@graph":[{"@type":"Article","@id":"https:\/\/www.lammi.fi\/kivitalo\/rakentajamessut-2026\/#article","isPartOf":{"@id":"https:\/\/www.lammi.fi\/kivitalo\/rakentajamessut-2026\/"},"author":{"name":"pauliinavesinen","@id":"https:\/\/www.lammi.fi\/kivitalo\/#\/schema\/person\/b4a3064da35885c3f3143f2f1e605956"},"headline":"Rakentajamessut 2026","datePublished":"2025-11-25T14:03:54+00:00","mainEntityOfPage":{"@id":"https:\/\/www.lammi.fi\/kivitalo\/rakentajamessut-2026\/"},"wordCount":70,"publisher":{"@id":"https:\/\/www.lammi.fi\/kivitalo\/#organization"},"image":{"@id":"https:\/\/www.lammi.fi\/kivitalo\/rakentajamessut-2026\/#primaryimage"},"thumbnailUrl":"https:\/\/www.lammi.fi\/kivitalo\/wp-content\/uploads\/sites\/2\/2024\/12\/messuosasto-1024x861-1.jpg","keywords":["asta-messut","finnbuild","helsinki","messukev\u00e4t","oulu","rakenna ja asu -messut","rakenna ja remontoi","rakennusmessut","rakentaja-messut","rakentajamessut","tampere","vantaa"],"articleSection":["Ajankohtaista"],"inLanguage":"fi"},{"@type":"WebPage","@id":"https:\/\/www.lammi.fi\/kivitalo\/rakentajamessut-2026\/","url":"https:\/\/www.lammi.fi\/kivitalo\/rakentajamessut-2026\/","name":"Rakentajamessut 2026 - Lammi Kivitalo","isPartOf":{"@id":"https:\/\/www.lammi.fi\/kivitalo\/#website"},"primaryImageOfPage":{"@id":"https:\/\/www.lammi.fi\/kivitalo\/rakentajamessut-2026\/#primaryimage"},"image":{"@id":"https:\/\/www.lammi.fi\/kivitalo\/rakentajamessut-2026\/#primaryimage"},"thumbnailUrl":"https:\/\/www.lammi.fi\/kivitalo\/wp-content\/uploads\/sites\/2\/2024\/12\/messuosasto-1024x861-1.jpg","datePublished":"2025-11-25T14:03:54+00:00","description":"Vuoden 2025 rakentajamessut - Lammi on tuttuun tapaan mukana rakentajamessuilla ymp\u00e4ri Suomea. Tilaa itsellesi kutsut tapahtumiin.","breadcrumb":{"@id":"https:\/\/www.lammi.fi\/kivitalo\/rakentajamessut-2026\/#breadcrumb"},"inLanguage":"fi","potentialAction":[{"@type":"ReadAction","target":["https:\/\/www.lammi.fi\/kivitalo\/rakentajamessut-2026\/"]}]},{"@type":"ImageObject","inLanguage":"fi","@id":"https:\/\/www.lammi.fi\/kivitalo\/rakentajamessut-2026\/#primaryimage","url":"https:\/\/www.lammi.fi\/kivitalo\/wp-content\/uploads\/sites\/2\/2024\/12\/messuosasto-1024x861-1.jpg","contentUrl":"https:\/\/www.lammi.fi\/kivitalo\/wp-content\/uploads\/sites\/2\/2024\/12\/messuosasto-1024x861-1.jpg","width":1024,"height":861},{"@type":"BreadcrumbList","@id":"https:\/\/www.lammi.fi\/kivitalo\/rakentajamessut-2026\/#breadcrumb","itemListElement":[{"@type":"ListItem","position":1,"name":"Lammi.fi","item":"https:\/\/www.lammi.fi"},{"@type":"ListItem","position":2,"name":"Lammi Kivitalo","item":"https:\/\/www.lammi.fi\/kivitalo\/"},{"@type":"ListItem","position":3,"name":"Rakentajamessut 2026"}]},{"@type":"WebSite","@id":"https:\/\/www.lammi.fi\/kivitalo\/#website","url":"https:\/\/www.lammi.fi\/kivitalo\/","name":"Lammi Kivitalo","description":"","publisher":{"@id":"https:\/\/www.lammi.fi\/kivitalo\/#organization"},"potentialAction":[{"@type":"SearchAction","target":{"@type":"EntryPoint","urlTemplate":"https:\/\/www.lammi.fi\/kivitalo\/?s={search_term_string}"},"query-input":{"@type":"PropertyValueSpecification","valueRequired":true,"valueName":"search_term_string"}}],"inLanguage":"fi"},{"@type":"Organization","@id":"https:\/\/www.lammi.fi\/kivitalo\/#organization","name":"Lammi Kivitalo","url":"https:\/\/www.lammi.fi\/kivitalo\/","logo":{"@type":"ImageObject","inLanguage":"fi","@id":"https:\/\/www.lammi.fi\/kivitalo\/#\/schema\/logo\/image\/","url":"https:\/\/www.lammi.fi\/kivitalo\/wp-content\/uploads\/sites\/2\/2018\/05\/cropped-lammi_logo.png","contentUrl":"https:\/\/www.lammi.fi\/kivitalo\/wp-content\/uploads\/sites\/2\/2018\/05\/cropped-lammi_logo.png","width":240,"height":122,"caption":"Lammi Kivitalo"},"image":{"@id":"https:\/\/www.lammi.fi\/kivitalo\/#\/schema\/logo\/image\/"},"sameAs":["https:\/\/www.facebook.com\/LammiKivitalot","https:\/\/www.instagram.com\/lammikivitalot\/","https:\/\/fi.pinterest.com\/lammikivitalot\/"]},{"@type":"Person","@id":"https:\/\/www.lammi.fi\/kivitalo\/#\/schema\/person\/b4a3064da35885c3f3143f2f1e605956","name":"pauliinavesinen","image":{"@type":"ImageObject","inLanguage":"fi","@id":"https:\/\/secure.gravatar.com\/avatar\/75f9fe104787598c7826b52e1d3fa84504f23df0ea52d0fe10cd3df366ef6d8f?s=96&d=mm&r=g","url":"https:\/\/secure.gravatar.com\/avatar\/75f9fe104787598c7826b52e1d3fa84504f23df0ea52d0fe10cd3df366ef6d8f?s=96&d=mm&r=g","contentUrl":"https:\/\/secure.gravatar.com\/avatar\/75f9fe104787598c7826b52e1d3fa84504f23df0ea52d0fe10cd3df366ef6d8f?s=96&d=mm&r=g","caption":"pauliinavesinen"},"url":"https:\/\/www.lammi.fi\/kivitalo\/author\/pauliinavesinen\/"}]}},"_links":{"self":[{"href":"https:\/\/www.lammi.fi\/kivitalo\/wp-json\/wp\/v2\/posts\/15577","targetHints":{"allow":["GET"]}}],"collection":[{"href":"https:\/\/www.lammi.fi\/kivitalo\/wp-json\/wp\/v2\/posts"}],"about":[{"href":"https:\/\/www.lammi.fi\/kivitalo\/wp-json\/wp\/v2\/types\/post"}],"author":[{"embeddable":true,"href":"https:\/\/www.lammi.fi\/kivitalo\/wp-json\/wp\/v2\/users\/11"}],"replies":[{"embeddable":true,"href":"https:\/\/www.lammi.fi\/kivitalo\/wp-json\/wp\/v2\/comments?post=15577"}],"version-history":[{"count":7,"href":"https:\/\/www.lammi.fi\/kivitalo\/wp-json\/wp\/v2\/posts\/15577\/revisions"}],"predecessor-version":[{"id":15584,"href":"https:\/\/www.lammi.fi\/kivitalo\/wp-json\/wp\/v2\/posts\/15577\/revisions\/15584"}],"wp:attachment":[{"href":"https:\/\/www.lammi.fi\/kivitalo\/wp-json\/wp\/v2\/media?parent=15577"}],"wp:term":[{"taxonomy":"category","embeddable":true,"href":"https:\/\/www.lammi.fi\/kivitalo\/wp-json\/wp\/v2\/categories?post=15577"},{"taxonomy":"post_tag","embeddable":true,"href":"https:\/\/www.lammi.fi\/kivitalo\/wp-json\/wp\/v2\/tags?post=15577"}],"curies":[{"name":"wp","href":"https:\/\/api.w.org\/{rel}","templated":true}]}}