{"id":10853,"date":"2024-01-26T09:11:18","date_gmt":"2024-01-26T06:11:18","guid":{"rendered":"https:\/\/www.lammi.fi\/kivitalo\/?p=10853"},"modified":"2024-02-08T09:17:29","modified_gmt":"2024-02-08T06:17:29","slug":"taloesittely-espoossa-keskiviikkona-7-2-2024-klo-17-00-19-30","status":"publish","type":"post","link":"https:\/\/www.lammi.fi\/kivitalo\/taloesittely-espoossa-keskiviikkona-7-2-2024-klo-17-00-19-30\/","title":{"rendered":"Taloesittely Espoossa keskiviikkona 7.2.2024 klo 17.00-19.30"},"content":{"rendered":"<p><img decoding=\"async\" class=\"size-full wp-image-10854 alignnone\" src=\"https:\/\/www.lammi.fi\/kivitalo\/wp-content\/uploads\/sites\/2\/2024\/01\/TE-7.2.2024.jpg\" alt=\"Lammi Kivitalo taloesittely\" width=\"645\" height=\"384\" srcset=\"https:\/\/www.lammi.fi\/kivitalo\/wp-content\/uploads\/sites\/2\/2024\/01\/TE-7.2.2024.jpg 645w, https:\/\/www.lammi.fi\/kivitalo\/wp-content\/uploads\/sites\/2\/2024\/01\/TE-7.2.2024-300x179.jpg 300w, https:\/\/www.lammi.fi\/kivitalo\/wp-content\/uploads\/sites\/2\/2024\/01\/TE-7.2.2024-260x155.jpg 260w\" sizes=\"(max-width: 709px) 85vw, (max-width: 909px) 67vw, (max-width: 984px) 61vw, (max-width: 1362px) 45vw, 600px\" \/><br \/>\nEsittelimme keskiviikkona 7.2.2024 klo 17.00-19.30 samanaikaisesti kaksi muuttovalmista Lammi Kivitaloa Espoossa (postinumero 02780).<\/p>\n<p>Talo A\u00a0on kolmekerroksinen Lammi Kivitalo, jonka huoneistoala on 127\u00a0m\u00b2\u00a0ja kokonaisala on 256\u00a0m\u00b2. Kohde on l\u00e4hes muuttovalmis.<br \/>\nTalo\u00a0B\u00a0on kolmekerroksinen Lammi Kivitalo, jonka huoneistoala on 132\u00a0m\u00b2\u00a0ja kokonaisala on 244\u00a0m\u00b2. Asukkaat ovat muuttaneet jo sis\u00e4\u00e4n.<br \/>\nMolempien kohteiden pihaty\u00f6t ja ulkorappaus on viel\u00e4 tekem\u00e4tt\u00e4.<\/p>\n<p>Taloesittelyyn on mahdollista osallistua\u00a0vain ilmoittautumalla etuk\u00e4teen. <strong>Ilmoittautuminen on p\u00e4\u00e4ttynyt.<\/strong><\/p>\n<p>Tule\u00a0keskustelemaan kivirakentamisesta ja sen monipuolisista mahdollisuuksista sek\u00e4\u00a0eduista.\u00a0Olemme mielell\u00e4mme avuksi\u00a0omaan taloprojektiisi ja -suunnitelmiisi liittyviss\u00e4 kysymyksiss\u00e4.<\/p>\n<p>Tervetuloa!<\/p>\n","protected":false},"excerpt":{"rendered":"<p>Esittelimme keskiviikkona 7.2.2024 klo 17.00-19.30 samanaikaisesti kaksi muuttovalmista Lammi Kivitaloa Espoossa (postinumero 02780). Talo A\u00a0on kolmekerroksinen Lammi Kivitalo, jonka huoneistoala on 127\u00a0m\u00b2\u00a0ja kokonaisala on 256\u00a0m\u00b2. Kohde on l\u00e4hes muuttovalmis. Talo\u00a0B\u00a0on kolmekerroksinen Lammi Kivitalo, jonka huoneistoala on 132\u00a0m\u00b2\u00a0ja kokonaisala on 244\u00a0m\u00b2. Asukkaat ovat muuttaneet jo sis\u00e4\u00e4n. Molempien kohteiden pihaty\u00f6t ja ulkorappaus on viel\u00e4 tekem\u00e4tt\u00e4. Taloesittelyyn on &hellip; <a href=\"https:\/\/www.lammi.fi\/kivitalo\/taloesittely-espoossa-keskiviikkona-7-2-2024-klo-17-00-19-30\/\" class=\"more-link\">Lue lis\u00e4\u00e4<span class=\"screen-reader-text\"> &#8221;Taloesittely Espoossa keskiviikkona 7.2.2024 klo 17.00-19.30&#8221;<\/span><\/a><\/p>\n","protected":false},"author":11,"featured_media":0,"comment_status":"closed","ping_status":"closed","sticky":false,"template":"","format":"standard","meta":{"_acf_changed":false,"_improvement_type_select":"improve_an_existing","_thumb_yes_seoaic":false,"_frame_yes_seoaic":false,"seoaic_generate_description":"","seoaic_improve_instructions_prompt":"","seoaic_rollback_content_improvement":"","seoaic_idea_thumbnail_generator":"","thumbnail_generated":false,"thumbnail_generate_prompt":"","seoaic_article_description":"","seoaic_article_subtitles":[],"footnotes":""},"categories":[1],"tags":[],"class_list":["post-10853","post","type-post","status-publish","format-standard","hentry","category-ajankohtaista"],"acf":[],"yoast_head":"<!-- This site is optimized with the Yoast SEO plugin v27.4 - https:\/\/yoast.com\/product\/yoast-seo-wordpress\/ -->\n<title>Taloesittely Espoossa keskiviikkona 7.2.2024 klo 17.00-19.30 - Lammi Kivitalo<\/title>\n<link rel=\"canonical\" href=\"https:\/\/www.lammi.fi\/kivitalo\/taloesittely-espoossa-keskiviikkona-7-2-2024-klo-17-00-19-30\/\" \/>\n<meta property=\"og:locale\" content=\"fi_FI\" \/>\n<meta property=\"og:type\" content=\"article\" \/>\n<meta property=\"og:title\" content=\"Taloesittely Espoossa keskiviikkona 7.2.2024 klo 17.00-19.30 - Lammi Kivitalo\" \/>\n<meta property=\"og:description\" content=\"Esittelimme keskiviikkona 7.2.2024 klo 17.00-19.30 samanaikaisesti kaksi muuttovalmista Lammi Kivitaloa Espoossa (postinumero 02780). Talo A\u00a0on kolmekerroksinen Lammi Kivitalo, jonka huoneistoala on 127\u00a0m\u00b2\u00a0ja kokonaisala on 256\u00a0m\u00b2. Kohde on l\u00e4hes muuttovalmis. Talo\u00a0B\u00a0on kolmekerroksinen Lammi Kivitalo, jonka huoneistoala on 132\u00a0m\u00b2\u00a0ja kokonaisala on 244\u00a0m\u00b2. Asukkaat ovat muuttaneet jo sis\u00e4\u00e4n. Molempien kohteiden pihaty\u00f6t ja ulkorappaus on viel\u00e4 tekem\u00e4tt\u00e4. Taloesittelyyn on &hellip; Lue lis\u00e4\u00e4 &quot;Taloesittely Espoossa keskiviikkona 7.2.2024 klo 17.00-19.30&quot;\" \/>\n<meta property=\"og:url\" content=\"https:\/\/www.lammi.fi\/kivitalo\/taloesittely-espoossa-keskiviikkona-7-2-2024-klo-17-00-19-30\/\" \/>\n<meta property=\"og:site_name\" content=\"Lammi Kivitalo\" \/>\n<meta property=\"article:publisher\" content=\"https:\/\/www.facebook.com\/LammiKivitalot\" \/>\n<meta property=\"article:published_time\" content=\"2024-01-26T06:11:18+00:00\" \/>\n<meta property=\"article:modified_time\" content=\"2024-02-08T06:17:29+00:00\" \/>\n<meta property=\"og:image\" content=\"https:\/\/www.lammi.fi\/kivitalo\/wp-content\/uploads\/sites\/2\/2024\/01\/TE-7.2.2024.jpg\" \/>\n<meta name=\"author\" content=\"pauliinavesinen\" \/>\n<meta name=\"twitter:card\" content=\"summary_large_image\" \/>\n<meta name=\"twitter:label1\" content=\"Kirjoittanut\" \/>\n\t<meta name=\"twitter:data1\" content=\"pauliinavesinen\" \/>\n\t<meta name=\"twitter:label2\" content=\"Arvioitu lukuaika\" \/>\n\t<meta name=\"twitter:data2\" content=\"1 minuutti\" \/>\n<script type=\"application\/ld+json\" class=\"yoast-schema-graph\">{\"@context\":\"https:\\\/\\\/schema.org\",\"@graph\":[{\"@type\":\"Article\",\"@id\":\"https:\\\/\\\/www.lammi.fi\\\/kivitalo\\\/taloesittely-espoossa-keskiviikkona-7-2-2024-klo-17-00-19-30\\\/#article\",\"isPartOf\":{\"@id\":\"https:\\\/\\\/www.lammi.fi\\\/kivitalo\\\/taloesittely-espoossa-keskiviikkona-7-2-2024-klo-17-00-19-30\\\/\"},\"author\":{\"name\":\"pauliinavesinen\",\"@id\":\"https:\\\/\\\/www.lammi.fi\\\/kivitalo\\\/#\\\/schema\\\/person\\\/b4a3064da35885c3f3143f2f1e605956\"},\"headline\":\"Taloesittely Espoossa keskiviikkona 7.2.2024 klo 17.00-19.30\",\"datePublished\":\"2024-01-26T06:11:18+00:00\",\"dateModified\":\"2024-02-08T06:17:29+00:00\",\"mainEntityOfPage\":{\"@id\":\"https:\\\/\\\/www.lammi.fi\\\/kivitalo\\\/taloesittely-espoossa-keskiviikkona-7-2-2024-klo-17-00-19-30\\\/\"},\"wordCount\":97,\"publisher\":{\"@id\":\"https:\\\/\\\/www.lammi.fi\\\/kivitalo\\\/#organization\"},\"image\":{\"@id\":\"https:\\\/\\\/www.lammi.fi\\\/kivitalo\\\/taloesittely-espoossa-keskiviikkona-7-2-2024-klo-17-00-19-30\\\/#primaryimage\"},\"thumbnailUrl\":\"https:\\\/\\\/www.lammi.fi\\\/kivitalo\\\/wp-content\\\/uploads\\\/sites\\\/2\\\/2024\\\/01\\\/TE-7.2.2024.jpg\",\"articleSection\":[\"Ajankohtaista\"],\"inLanguage\":\"fi\"},{\"@type\":\"WebPage\",\"@id\":\"https:\\\/\\\/www.lammi.fi\\\/kivitalo\\\/taloesittely-espoossa-keskiviikkona-7-2-2024-klo-17-00-19-30\\\/\",\"url\":\"https:\\\/\\\/www.lammi.fi\\\/kivitalo\\\/taloesittely-espoossa-keskiviikkona-7-2-2024-klo-17-00-19-30\\\/\",\"name\":\"Taloesittely Espoossa keskiviikkona 7.2.2024 klo 17.00-19.30 - Lammi Kivitalo\",\"isPartOf\":{\"@id\":\"https:\\\/\\\/www.lammi.fi\\\/kivitalo\\\/#website\"},\"primaryImageOfPage\":{\"@id\":\"https:\\\/\\\/www.lammi.fi\\\/kivitalo\\\/taloesittely-espoossa-keskiviikkona-7-2-2024-klo-17-00-19-30\\\/#primaryimage\"},\"image\":{\"@id\":\"https:\\\/\\\/www.lammi.fi\\\/kivitalo\\\/taloesittely-espoossa-keskiviikkona-7-2-2024-klo-17-00-19-30\\\/#primaryimage\"},\"thumbnailUrl\":\"https:\\\/\\\/www.lammi.fi\\\/kivitalo\\\/wp-content\\\/uploads\\\/sites\\\/2\\\/2024\\\/01\\\/TE-7.2.2024.jpg\",\"datePublished\":\"2024-01-26T06:11:18+00:00\",\"dateModified\":\"2024-02-08T06:17:29+00:00\",\"breadcrumb\":{\"@id\":\"https:\\\/\\\/www.lammi.fi\\\/kivitalo\\\/taloesittely-espoossa-keskiviikkona-7-2-2024-klo-17-00-19-30\\\/#breadcrumb\"},\"inLanguage\":\"fi\",\"potentialAction\":[{\"@type\":\"ReadAction\",\"target\":[\"https:\\\/\\\/www.lammi.fi\\\/kivitalo\\\/taloesittely-espoossa-keskiviikkona-7-2-2024-klo-17-00-19-30\\\/\"]}]},{\"@type\":\"ImageObject\",\"inLanguage\":\"fi\",\"@id\":\"https:\\\/\\\/www.lammi.fi\\\/kivitalo\\\/taloesittely-espoossa-keskiviikkona-7-2-2024-klo-17-00-19-30\\\/#primaryimage\",\"url\":\"https:\\\/\\\/www.lammi.fi\\\/kivitalo\\\/wp-content\\\/uploads\\\/sites\\\/2\\\/2024\\\/01\\\/TE-7.2.2024.jpg\",\"contentUrl\":\"https:\\\/\\\/www.lammi.fi\\\/kivitalo\\\/wp-content\\\/uploads\\\/sites\\\/2\\\/2024\\\/01\\\/TE-7.2.2024.jpg\",\"width\":645,\"height\":384,\"caption\":\"Lammi Kivitalo taloesittely\"},{\"@type\":\"BreadcrumbList\",\"@id\":\"https:\\\/\\\/www.lammi.fi\\\/kivitalo\\\/taloesittely-espoossa-keskiviikkona-7-2-2024-klo-17-00-19-30\\\/#breadcrumb\",\"itemListElement\":[{\"@type\":\"ListItem\",\"position\":1,\"name\":\"Lammi.fi\",\"item\":\"https:\\\/\\\/www.lammi.fi\"},{\"@type\":\"ListItem\",\"position\":2,\"name\":\"Lammi Kivitalo\",\"item\":\"https:\\\/\\\/www.lammi.fi\\\/kivitalo\\\/\"},{\"@type\":\"ListItem\",\"position\":3,\"name\":\"Taloesittely Espoossa keskiviikkona 7.2.2024 klo 17.00-19.30\"}]},{\"@type\":\"WebSite\",\"@id\":\"https:\\\/\\\/www.lammi.fi\\\/kivitalo\\\/#website\",\"url\":\"https:\\\/\\\/www.lammi.fi\\\/kivitalo\\\/\",\"name\":\"Lammi Kivitalo\",\"description\":\"\",\"publisher\":{\"@id\":\"https:\\\/\\\/www.lammi.fi\\\/kivitalo\\\/#organization\"},\"potentialAction\":[{\"@type\":\"SearchAction\",\"target\":{\"@type\":\"EntryPoint\",\"urlTemplate\":\"https:\\\/\\\/www.lammi.fi\\\/kivitalo\\\/?s={search_term_string}\"},\"query-input\":{\"@type\":\"PropertyValueSpecification\",\"valueRequired\":true,\"valueName\":\"search_term_string\"}}],\"inLanguage\":\"fi\"},{\"@type\":\"Organization\",\"@id\":\"https:\\\/\\\/www.lammi.fi\\\/kivitalo\\\/#organization\",\"name\":\"Lammi Kivitalo\",\"url\":\"https:\\\/\\\/www.lammi.fi\\\/kivitalo\\\/\",\"logo\":{\"@type\":\"ImageObject\",\"inLanguage\":\"fi\",\"@id\":\"https:\\\/\\\/www.lammi.fi\\\/kivitalo\\\/#\\\/schema\\\/logo\\\/image\\\/\",\"url\":\"https:\\\/\\\/www.lammi.fi\\\/kivitalo\\\/wp-content\\\/uploads\\\/sites\\\/2\\\/2018\\\/05\\\/cropped-lammi_logo.png\",\"contentUrl\":\"https:\\\/\\\/www.lammi.fi\\\/kivitalo\\\/wp-content\\\/uploads\\\/sites\\\/2\\\/2018\\\/05\\\/cropped-lammi_logo.png\",\"width\":240,\"height\":122,\"caption\":\"Lammi Kivitalo\"},\"image\":{\"@id\":\"https:\\\/\\\/www.lammi.fi\\\/kivitalo\\\/#\\\/schema\\\/logo\\\/image\\\/\"},\"sameAs\":[\"https:\\\/\\\/www.facebook.com\\\/LammiKivitalot\",\"https:\\\/\\\/www.instagram.com\\\/lammikivitalot\\\/\",\"https:\\\/\\\/fi.pinterest.com\\\/lammikivitalot\\\/\"]},{\"@type\":\"Person\",\"@id\":\"https:\\\/\\\/www.lammi.fi\\\/kivitalo\\\/#\\\/schema\\\/person\\\/b4a3064da35885c3f3143f2f1e605956\",\"name\":\"pauliinavesinen\",\"image\":{\"@type\":\"ImageObject\",\"inLanguage\":\"fi\",\"@id\":\"https:\\\/\\\/secure.gravatar.com\\\/avatar\\\/75f9fe104787598c7826b52e1d3fa84504f23df0ea52d0fe10cd3df366ef6d8f?s=96&d=mm&r=g\",\"url\":\"https:\\\/\\\/secure.gravatar.com\\\/avatar\\\/75f9fe104787598c7826b52e1d3fa84504f23df0ea52d0fe10cd3df366ef6d8f?s=96&d=mm&r=g\",\"contentUrl\":\"https:\\\/\\\/secure.gravatar.com\\\/avatar\\\/75f9fe104787598c7826b52e1d3fa84504f23df0ea52d0fe10cd3df366ef6d8f?s=96&d=mm&r=g\",\"caption\":\"pauliinavesinen\"},\"url\":\"https:\\\/\\\/www.lammi.fi\\\/kivitalo\\\/author\\\/pauliinavesinen\\\/\"}]}<\/script>\n<!-- \/ Yoast SEO plugin. -->","yoast_head_json":{"title":"Taloesittely Espoossa keskiviikkona 7.2.2024 klo 17.00-19.30 - Lammi Kivitalo","canonical":"https:\/\/www.lammi.fi\/kivitalo\/taloesittely-espoossa-keskiviikkona-7-2-2024-klo-17-00-19-30\/","og_locale":"fi_FI","og_type":"article","og_title":"Taloesittely Espoossa keskiviikkona 7.2.2024 klo 17.00-19.30 - Lammi Kivitalo","og_description":"Esittelimme keskiviikkona 7.2.2024 klo 17.00-19.30 samanaikaisesti kaksi muuttovalmista Lammi Kivitaloa Espoossa (postinumero 02780). Talo A\u00a0on kolmekerroksinen Lammi Kivitalo, jonka huoneistoala on 127\u00a0m\u00b2\u00a0ja kokonaisala on 256\u00a0m\u00b2. Kohde on l\u00e4hes muuttovalmis. Talo\u00a0B\u00a0on kolmekerroksinen Lammi Kivitalo, jonka huoneistoala on 132\u00a0m\u00b2\u00a0ja kokonaisala on 244\u00a0m\u00b2. Asukkaat ovat muuttaneet jo sis\u00e4\u00e4n. Molempien kohteiden pihaty\u00f6t ja ulkorappaus on viel\u00e4 tekem\u00e4tt\u00e4. Taloesittelyyn on &hellip; Lue lis\u00e4\u00e4 \"Taloesittely Espoossa keskiviikkona 7.2.2024 klo 17.00-19.30\"","og_url":"https:\/\/www.lammi.fi\/kivitalo\/taloesittely-espoossa-keskiviikkona-7-2-2024-klo-17-00-19-30\/","og_site_name":"Lammi Kivitalo","article_publisher":"https:\/\/www.facebook.com\/LammiKivitalot","article_published_time":"2024-01-26T06:11:18+00:00","article_modified_time":"2024-02-08T06:17:29+00:00","og_image":[{"url":"https:\/\/www.lammi.fi\/kivitalo\/wp-content\/uploads\/sites\/2\/2024\/01\/TE-7.2.2024.jpg","type":"","width":"","height":""}],"author":"pauliinavesinen","twitter_card":"summary_large_image","twitter_misc":{"Kirjoittanut":"pauliinavesinen","Arvioitu lukuaika":"1 minuutti"},"schema":{"@context":"https:\/\/schema.org","@graph":[{"@type":"Article","@id":"https:\/\/www.lammi.fi\/kivitalo\/taloesittely-espoossa-keskiviikkona-7-2-2024-klo-17-00-19-30\/#article","isPartOf":{"@id":"https:\/\/www.lammi.fi\/kivitalo\/taloesittely-espoossa-keskiviikkona-7-2-2024-klo-17-00-19-30\/"},"author":{"name":"pauliinavesinen","@id":"https:\/\/www.lammi.fi\/kivitalo\/#\/schema\/person\/b4a3064da35885c3f3143f2f1e605956"},"headline":"Taloesittely Espoossa keskiviikkona 7.2.2024 klo 17.00-19.30","datePublished":"2024-01-26T06:11:18+00:00","dateModified":"2024-02-08T06:17:29+00:00","mainEntityOfPage":{"@id":"https:\/\/www.lammi.fi\/kivitalo\/taloesittely-espoossa-keskiviikkona-7-2-2024-klo-17-00-19-30\/"},"wordCount":97,"publisher":{"@id":"https:\/\/www.lammi.fi\/kivitalo\/#organization"},"image":{"@id":"https:\/\/www.lammi.fi\/kivitalo\/taloesittely-espoossa-keskiviikkona-7-2-2024-klo-17-00-19-30\/#primaryimage"},"thumbnailUrl":"https:\/\/www.lammi.fi\/kivitalo\/wp-content\/uploads\/sites\/2\/2024\/01\/TE-7.2.2024.jpg","articleSection":["Ajankohtaista"],"inLanguage":"fi"},{"@type":"WebPage","@id":"https:\/\/www.lammi.fi\/kivitalo\/taloesittely-espoossa-keskiviikkona-7-2-2024-klo-17-00-19-30\/","url":"https:\/\/www.lammi.fi\/kivitalo\/taloesittely-espoossa-keskiviikkona-7-2-2024-klo-17-00-19-30\/","name":"Taloesittely Espoossa keskiviikkona 7.2.2024 klo 17.00-19.30 - Lammi Kivitalo","isPartOf":{"@id":"https:\/\/www.lammi.fi\/kivitalo\/#website"},"primaryImageOfPage":{"@id":"https:\/\/www.lammi.fi\/kivitalo\/taloesittely-espoossa-keskiviikkona-7-2-2024-klo-17-00-19-30\/#primaryimage"},"image":{"@id":"https:\/\/www.lammi.fi\/kivitalo\/taloesittely-espoossa-keskiviikkona-7-2-2024-klo-17-00-19-30\/#primaryimage"},"thumbnailUrl":"https:\/\/www.lammi.fi\/kivitalo\/wp-content\/uploads\/sites\/2\/2024\/01\/TE-7.2.2024.jpg","datePublished":"2024-01-26T06:11:18+00:00","dateModified":"2024-02-08T06:17:29+00:00","breadcrumb":{"@id":"https:\/\/www.lammi.fi\/kivitalo\/taloesittely-espoossa-keskiviikkona-7-2-2024-klo-17-00-19-30\/#breadcrumb"},"inLanguage":"fi","potentialAction":[{"@type":"ReadAction","target":["https:\/\/www.lammi.fi\/kivitalo\/taloesittely-espoossa-keskiviikkona-7-2-2024-klo-17-00-19-30\/"]}]},{"@type":"ImageObject","inLanguage":"fi","@id":"https:\/\/www.lammi.fi\/kivitalo\/taloesittely-espoossa-keskiviikkona-7-2-2024-klo-17-00-19-30\/#primaryimage","url":"https:\/\/www.lammi.fi\/kivitalo\/wp-content\/uploads\/sites\/2\/2024\/01\/TE-7.2.2024.jpg","contentUrl":"https:\/\/www.lammi.fi\/kivitalo\/wp-content\/uploads\/sites\/2\/2024\/01\/TE-7.2.2024.jpg","width":645,"height":384,"caption":"Lammi Kivitalo taloesittely"},{"@type":"BreadcrumbList","@id":"https:\/\/www.lammi.fi\/kivitalo\/taloesittely-espoossa-keskiviikkona-7-2-2024-klo-17-00-19-30\/#breadcrumb","itemListElement":[{"@type":"ListItem","position":1,"name":"Lammi.fi","item":"https:\/\/www.lammi.fi"},{"@type":"ListItem","position":2,"name":"Lammi Kivitalo","item":"https:\/\/www.lammi.fi\/kivitalo\/"},{"@type":"ListItem","position":3,"name":"Taloesittely Espoossa keskiviikkona 7.2.2024 klo 17.00-19.30"}]},{"@type":"WebSite","@id":"https:\/\/www.lammi.fi\/kivitalo\/#website","url":"https:\/\/www.lammi.fi\/kivitalo\/","name":"Lammi Kivitalo","description":"","publisher":{"@id":"https:\/\/www.lammi.fi\/kivitalo\/#organization"},"potentialAction":[{"@type":"SearchAction","target":{"@type":"EntryPoint","urlTemplate":"https:\/\/www.lammi.fi\/kivitalo\/?s={search_term_string}"},"query-input":{"@type":"PropertyValueSpecification","valueRequired":true,"valueName":"search_term_string"}}],"inLanguage":"fi"},{"@type":"Organization","@id":"https:\/\/www.lammi.fi\/kivitalo\/#organization","name":"Lammi Kivitalo","url":"https:\/\/www.lammi.fi\/kivitalo\/","logo":{"@type":"ImageObject","inLanguage":"fi","@id":"https:\/\/www.lammi.fi\/kivitalo\/#\/schema\/logo\/image\/","url":"https:\/\/www.lammi.fi\/kivitalo\/wp-content\/uploads\/sites\/2\/2018\/05\/cropped-lammi_logo.png","contentUrl":"https:\/\/www.lammi.fi\/kivitalo\/wp-content\/uploads\/sites\/2\/2018\/05\/cropped-lammi_logo.png","width":240,"height":122,"caption":"Lammi Kivitalo"},"image":{"@id":"https:\/\/www.lammi.fi\/kivitalo\/#\/schema\/logo\/image\/"},"sameAs":["https:\/\/www.facebook.com\/LammiKivitalot","https:\/\/www.instagram.com\/lammikivitalot\/","https:\/\/fi.pinterest.com\/lammikivitalot\/"]},{"@type":"Person","@id":"https:\/\/www.lammi.fi\/kivitalo\/#\/schema\/person\/b4a3064da35885c3f3143f2f1e605956","name":"pauliinavesinen","image":{"@type":"ImageObject","inLanguage":"fi","@id":"https:\/\/secure.gravatar.com\/avatar\/75f9fe104787598c7826b52e1d3fa84504f23df0ea52d0fe10cd3df366ef6d8f?s=96&d=mm&r=g","url":"https:\/\/secure.gravatar.com\/avatar\/75f9fe104787598c7826b52e1d3fa84504f23df0ea52d0fe10cd3df366ef6d8f?s=96&d=mm&r=g","contentUrl":"https:\/\/secure.gravatar.com\/avatar\/75f9fe104787598c7826b52e1d3fa84504f23df0ea52d0fe10cd3df366ef6d8f?s=96&d=mm&r=g","caption":"pauliinavesinen"},"url":"https:\/\/www.lammi.fi\/kivitalo\/author\/pauliinavesinen\/"}]}},"_links":{"self":[{"href":"https:\/\/www.lammi.fi\/kivitalo\/wp-json\/wp\/v2\/posts\/10853","targetHints":{"allow":["GET"]}}],"collection":[{"href":"https:\/\/www.lammi.fi\/kivitalo\/wp-json\/wp\/v2\/posts"}],"about":[{"href":"https:\/\/www.lammi.fi\/kivitalo\/wp-json\/wp\/v2\/types\/post"}],"author":[{"embeddable":true,"href":"https:\/\/www.lammi.fi\/kivitalo\/wp-json\/wp\/v2\/users\/11"}],"replies":[{"embeddable":true,"href":"https:\/\/www.lammi.fi\/kivitalo\/wp-json\/wp\/v2\/comments?post=10853"}],"version-history":[{"count":6,"href":"https:\/\/www.lammi.fi\/kivitalo\/wp-json\/wp\/v2\/posts\/10853\/revisions"}],"predecessor-version":[{"id":10879,"href":"https:\/\/www.lammi.fi\/kivitalo\/wp-json\/wp\/v2\/posts\/10853\/revisions\/10879"}],"wp:attachment":[{"href":"https:\/\/www.lammi.fi\/kivitalo\/wp-json\/wp\/v2\/media?parent=10853"}],"wp:term":[{"taxonomy":"category","embeddable":true,"href":"https:\/\/www.lammi.fi\/kivitalo\/wp-json\/wp\/v2\/categories?post=10853"},{"taxonomy":"post_tag","embeddable":true,"href":"https:\/\/www.lammi.fi\/kivitalo\/wp-json\/wp\/v2\/tags?post=10853"}],"curies":[{"name":"wp","href":"https:\/\/api.w.org\/{rel}","templated":true}]}}