{"id":10623,"date":"2023-11-06T11:09:03","date_gmt":"2023-11-06T08:09:03","guid":{"rendered":"https:\/\/www.lammi.fi\/kivitalo\/?p=10623"},"modified":"2023-11-06T11:09:03","modified_gmt":"2023-11-06T08:09:03","slug":"prkk-pientalo-kivesta-rakentajakoulu-webinaarina-13-11-2023","status":"publish","type":"post","link":"https:\/\/www.lammi.fi\/kivitalo\/prkk-pientalo-kivesta-rakentajakoulu-webinaarina-13-11-2023\/","title":{"rendered":"PRKK Pientalo Kivest\u00e4 -rakentajakoulu webinaarina 13.11.2023"},"content":{"rendered":"<p><img decoding=\"async\" class=\"size-large wp-image-10009 alignnone\" src=\"https:\/\/www.lammi.fi\/kivitalo\/wp-content\/uploads\/sites\/2\/2023\/08\/LAMMI_USVA-vaaka-1024x636.jpg\" alt=\"Lammi Usva\" width=\"840\" height=\"522\" srcset=\"https:\/\/www.lammi.fi\/kivitalo\/wp-content\/uploads\/sites\/2\/2023\/08\/LAMMI_USVA-vaaka-1024x636.jpg 1024w, https:\/\/www.lammi.fi\/kivitalo\/wp-content\/uploads\/sites\/2\/2023\/08\/LAMMI_USVA-vaaka-300x186.jpg 300w, https:\/\/www.lammi.fi\/kivitalo\/wp-content\/uploads\/sites\/2\/2023\/08\/LAMMI_USVA-vaaka-768x477.jpg 768w, https:\/\/www.lammi.fi\/kivitalo\/wp-content\/uploads\/sites\/2\/2023\/08\/LAMMI_USVA-vaaka-1536x953.jpg 1536w, https:\/\/www.lammi.fi\/kivitalo\/wp-content\/uploads\/sites\/2\/2023\/08\/LAMMI_USVA-vaaka-2048x1271.jpg 2048w, https:\/\/www.lammi.fi\/kivitalo\/wp-content\/uploads\/sites\/2\/2023\/08\/LAMMI_USVA-vaaka-1200x745.jpg 1200w, https:\/\/www.lammi.fi\/kivitalo\/wp-content\/uploads\/sites\/2\/2023\/08\/LAMMI_USVA-vaaka-260x161.jpg 260w, https:\/\/www.lammi.fi\/kivitalo\/wp-content\/uploads\/sites\/2\/2023\/08\/LAMMI_USVA-vaaka-967x600.jpg 967w, https:\/\/www.lammi.fi\/kivitalo\/wp-content\/uploads\/sites\/2\/2023\/08\/LAMMI_USVA-vaaka-1815x1127.jpg 1815w\" sizes=\"(max-width: 709px) 85vw, (max-width: 909px) 67vw, (max-width: 1362px) 62vw, 840px\" \/><span style=\"font-size: 21px\">Lammi-Kivitalot ja PRKK toivottavat Sinut l\u00e4mpim\u00e4sti tervetulleeksi Pientalo Kivest\u00e4 -rakentajakouluun<\/span><\/p>\n<p><strong>Ajankohta: maanantaina 13.11.2023 klo 17.30-19.30<\/strong><br \/>\n<strong>Paikka: webinaari<\/strong><br \/>\n<strong>J\u00e4rjest\u00e4j\u00e4: PRKK ry<\/strong><\/p>\n<p>Onko kivitalon rakentaminen tai rakennuttaminen suunnitelmissasi?<\/p>\n<p>PRKK ry:n Pientalo Kivest\u00e4 -rakentajakoulussa syvennyt\u00e4\u00e4n erilaisiin kivirunkomateriaaleihin, rakennuttamiseen ja rakentamisen kustannuksiin vaikuttaviin asioihin sek\u00e4 keinoihin, joilla varmistetaan laadukas lopputulos.<\/p>\n<p>Lue tarkemmin koulutussis\u00e4ll\u00f6st\u00e4 sek\u00e4 muista koulutuksista <a href=\"https:\/\/www.prkk.fi\/koulutukset\/kivitalon-rakentajakoulut\/pientalo-kivesta-rakentajakoulu\" target=\"_blank\" rel=\"noopener\">T\u00c4\u00c4LL\u00c4<\/a> ja ilmoittaudu koulutukseen <a href=\"https:\/\/edge.flomembers.com\/prkk\/events\/register\/2b44928ae11fb9384c4cf38708677c48\" target=\"_blank\" rel=\"noopener\">T\u00c4ST\u00c4.<\/a><\/p>\n<p>Koulutus pidet\u00e4\u00e4n webinaarina ja se on maksuton.<\/p>\n<p>HUOM! Ilmoittautumisaika p\u00e4\u00e4ttyy 13.11 klo 13. Oikein suoritetun ilmoittautumisen j\u00e4lkeen saat s\u00e4hk\u00f6postiisi vahvistuksen, jossa on mukana henkil\u00f6kohtainen koulutuslinkkisi.<\/p>\n<p>Lis\u00e4tietoja koulutuksista puh. 0207 312 312 tai www.prkk.fi.<\/p>\n<p>Tervetuloa!<\/p>\n","protected":false},"excerpt":{"rendered":"<p>Lammi-Kivitalot ja PRKK toivottavat Sinut l\u00e4mpim\u00e4sti tervetulleeksi Pientalo Kivest\u00e4 -rakentajakouluun Ajankohta: maanantaina 13.11.2023 klo 17.30-19.30 Paikka: webinaari J\u00e4rjest\u00e4j\u00e4: PRKK ry Onko kivitalon rakentaminen tai rakennuttaminen suunnitelmissasi? PRKK ry:n Pientalo Kivest\u00e4 -rakentajakoulussa syvennyt\u00e4\u00e4n erilaisiin kivirunkomateriaaleihin, rakennuttamiseen ja rakentamisen kustannuksiin vaikuttaviin asioihin sek\u00e4 keinoihin, joilla varmistetaan laadukas lopputulos. Lue tarkemmin koulutussis\u00e4ll\u00f6st\u00e4 sek\u00e4 muista koulutuksista T\u00c4\u00c4LL\u00c4 ja ilmoittaudu &hellip; <a href=\"https:\/\/www.lammi.fi\/kivitalo\/prkk-pientalo-kivesta-rakentajakoulu-webinaarina-13-11-2023\/\" class=\"more-link\">Lue lis\u00e4\u00e4<span class=\"screen-reader-text\"> &#8221;PRKK Pientalo Kivest\u00e4 -rakentajakoulu webinaarina 13.11.2023&#8221;<\/span><\/a><\/p>\n","protected":false},"author":11,"featured_media":0,"comment_status":"closed","ping_status":"closed","sticky":false,"template":"","format":"standard","meta":{"_acf_changed":false,"_improvement_type_select":"improve_an_existing","_thumb_yes_seoaic":false,"_frame_yes_seoaic":false,"seoaic_generate_description":"","seoaic_improve_instructions_prompt":"","seoaic_rollback_content_improvement":"","seoaic_idea_thumbnail_generator":"","thumbnail_generated":false,"thumbnail_generate_prompt":"","seoaic_article_description":"","seoaic_article_subtitles":[],"footnotes":""},"categories":[1],"tags":[],"class_list":["post-10623","post","type-post","status-publish","format-standard","hentry","category-ajankohtaista"],"acf":[],"yoast_head":"<!-- This site is optimized with the Yoast SEO plugin v27.4 - https:\/\/yoast.com\/product\/yoast-seo-wordpress\/ -->\n<title>PRKK Pientalo Kivest\u00e4 -rakentajakoulu webinaarina 13.11.2023 - Lammi Kivitalo<\/title>\n<link rel=\"canonical\" href=\"https:\/\/www.lammi.fi\/kivitalo\/prkk-pientalo-kivesta-rakentajakoulu-webinaarina-13-11-2023\/\" \/>\n<meta property=\"og:locale\" content=\"fi_FI\" \/>\n<meta property=\"og:type\" content=\"article\" \/>\n<meta property=\"og:title\" content=\"PRKK Pientalo Kivest\u00e4 -rakentajakoulu webinaarina 13.11.2023 - Lammi Kivitalo\" \/>\n<meta property=\"og:description\" content=\"Lammi-Kivitalot ja PRKK toivottavat Sinut l\u00e4mpim\u00e4sti tervetulleeksi Pientalo Kivest\u00e4 -rakentajakouluun Ajankohta: maanantaina 13.11.2023 klo 17.30-19.30 Paikka: webinaari J\u00e4rjest\u00e4j\u00e4: PRKK ry Onko kivitalon rakentaminen tai rakennuttaminen suunnitelmissasi? PRKK ry:n Pientalo Kivest\u00e4 -rakentajakoulussa syvennyt\u00e4\u00e4n erilaisiin kivirunkomateriaaleihin, rakennuttamiseen ja rakentamisen kustannuksiin vaikuttaviin asioihin sek\u00e4 keinoihin, joilla varmistetaan laadukas lopputulos. Lue tarkemmin koulutussis\u00e4ll\u00f6st\u00e4 sek\u00e4 muista koulutuksista T\u00c4\u00c4LL\u00c4 ja ilmoittaudu &hellip; Lue lis\u00e4\u00e4 &quot;PRKK Pientalo Kivest\u00e4 -rakentajakoulu webinaarina 13.11.2023&quot;\" \/>\n<meta property=\"og:url\" content=\"https:\/\/www.lammi.fi\/kivitalo\/prkk-pientalo-kivesta-rakentajakoulu-webinaarina-13-11-2023\/\" \/>\n<meta property=\"og:site_name\" content=\"Lammi Kivitalo\" \/>\n<meta property=\"article:publisher\" content=\"https:\/\/www.facebook.com\/LammiKivitalot\" \/>\n<meta property=\"article:published_time\" content=\"2023-11-06T08:09:03+00:00\" \/>\n<meta property=\"og:image\" content=\"https:\/\/www.lammi.fi\/kivitalo\/wp-content\/uploads\/sites\/2\/2023\/08\/LAMMI_USVA-vaaka-1024x636.jpg\" \/>\n<meta name=\"author\" content=\"pauliinavesinen\" \/>\n<meta name=\"twitter:card\" content=\"summary_large_image\" \/>\n<meta name=\"twitter:label1\" content=\"Kirjoittanut\" \/>\n\t<meta name=\"twitter:data1\" content=\"pauliinavesinen\" \/>\n\t<meta name=\"twitter:label2\" content=\"Arvioitu lukuaika\" \/>\n\t<meta name=\"twitter:data2\" content=\"1 minuutti\" \/>\n<script type=\"application\/ld+json\" class=\"yoast-schema-graph\">{\"@context\":\"https:\\\/\\\/schema.org\",\"@graph\":[{\"@type\":\"Article\",\"@id\":\"https:\\\/\\\/www.lammi.fi\\\/kivitalo\\\/prkk-pientalo-kivesta-rakentajakoulu-webinaarina-13-11-2023\\\/#article\",\"isPartOf\":{\"@id\":\"https:\\\/\\\/www.lammi.fi\\\/kivitalo\\\/prkk-pientalo-kivesta-rakentajakoulu-webinaarina-13-11-2023\\\/\"},\"author\":{\"name\":\"pauliinavesinen\",\"@id\":\"https:\\\/\\\/www.lammi.fi\\\/kivitalo\\\/#\\\/schema\\\/person\\\/b4a3064da35885c3f3143f2f1e605956\"},\"headline\":\"PRKK Pientalo Kivest\u00e4 -rakentajakoulu webinaarina 13.11.2023\",\"datePublished\":\"2023-11-06T08:09:03+00:00\",\"mainEntityOfPage\":{\"@id\":\"https:\\\/\\\/www.lammi.fi\\\/kivitalo\\\/prkk-pientalo-kivesta-rakentajakoulu-webinaarina-13-11-2023\\\/\"},\"wordCount\":109,\"publisher\":{\"@id\":\"https:\\\/\\\/www.lammi.fi\\\/kivitalo\\\/#organization\"},\"image\":{\"@id\":\"https:\\\/\\\/www.lammi.fi\\\/kivitalo\\\/prkk-pientalo-kivesta-rakentajakoulu-webinaarina-13-11-2023\\\/#primaryimage\"},\"thumbnailUrl\":\"https:\\\/\\\/www.lammi.fi\\\/kivitalo\\\/wp-content\\\/uploads\\\/sites\\\/2\\\/2023\\\/08\\\/LAMMI_USVA-vaaka-1024x636.jpg\",\"articleSection\":[\"Ajankohtaista\"],\"inLanguage\":\"fi\"},{\"@type\":\"WebPage\",\"@id\":\"https:\\\/\\\/www.lammi.fi\\\/kivitalo\\\/prkk-pientalo-kivesta-rakentajakoulu-webinaarina-13-11-2023\\\/\",\"url\":\"https:\\\/\\\/www.lammi.fi\\\/kivitalo\\\/prkk-pientalo-kivesta-rakentajakoulu-webinaarina-13-11-2023\\\/\",\"name\":\"PRKK Pientalo Kivest\u00e4 -rakentajakoulu webinaarina 13.11.2023 - Lammi Kivitalo\",\"isPartOf\":{\"@id\":\"https:\\\/\\\/www.lammi.fi\\\/kivitalo\\\/#website\"},\"primaryImageOfPage\":{\"@id\":\"https:\\\/\\\/www.lammi.fi\\\/kivitalo\\\/prkk-pientalo-kivesta-rakentajakoulu-webinaarina-13-11-2023\\\/#primaryimage\"},\"image\":{\"@id\":\"https:\\\/\\\/www.lammi.fi\\\/kivitalo\\\/prkk-pientalo-kivesta-rakentajakoulu-webinaarina-13-11-2023\\\/#primaryimage\"},\"thumbnailUrl\":\"https:\\\/\\\/www.lammi.fi\\\/kivitalo\\\/wp-content\\\/uploads\\\/sites\\\/2\\\/2023\\\/08\\\/LAMMI_USVA-vaaka-1024x636.jpg\",\"datePublished\":\"2023-11-06T08:09:03+00:00\",\"breadcrumb\":{\"@id\":\"https:\\\/\\\/www.lammi.fi\\\/kivitalo\\\/prkk-pientalo-kivesta-rakentajakoulu-webinaarina-13-11-2023\\\/#breadcrumb\"},\"inLanguage\":\"fi\",\"potentialAction\":[{\"@type\":\"ReadAction\",\"target\":[\"https:\\\/\\\/www.lammi.fi\\\/kivitalo\\\/prkk-pientalo-kivesta-rakentajakoulu-webinaarina-13-11-2023\\\/\"]}]},{\"@type\":\"ImageObject\",\"inLanguage\":\"fi\",\"@id\":\"https:\\\/\\\/www.lammi.fi\\\/kivitalo\\\/prkk-pientalo-kivesta-rakentajakoulu-webinaarina-13-11-2023\\\/#primaryimage\",\"url\":\"https:\\\/\\\/www.lammi.fi\\\/kivitalo\\\/wp-content\\\/uploads\\\/sites\\\/2\\\/2023\\\/08\\\/LAMMI_USVA-vaaka-scaled.jpg\",\"contentUrl\":\"https:\\\/\\\/www.lammi.fi\\\/kivitalo\\\/wp-content\\\/uploads\\\/sites\\\/2\\\/2023\\\/08\\\/LAMMI_USVA-vaaka-scaled.jpg\",\"width\":2560,\"height\":1589,\"caption\":\"Lammi Usva\"},{\"@type\":\"BreadcrumbList\",\"@id\":\"https:\\\/\\\/www.lammi.fi\\\/kivitalo\\\/prkk-pientalo-kivesta-rakentajakoulu-webinaarina-13-11-2023\\\/#breadcrumb\",\"itemListElement\":[{\"@type\":\"ListItem\",\"position\":1,\"name\":\"Lammi.fi\",\"item\":\"https:\\\/\\\/www.lammi.fi\"},{\"@type\":\"ListItem\",\"position\":2,\"name\":\"Lammi Kivitalo\",\"item\":\"https:\\\/\\\/www.lammi.fi\\\/kivitalo\\\/\"},{\"@type\":\"ListItem\",\"position\":3,\"name\":\"PRKK Pientalo Kivest\u00e4 -rakentajakoulu webinaarina 13.11.2023\"}]},{\"@type\":\"WebSite\",\"@id\":\"https:\\\/\\\/www.lammi.fi\\\/kivitalo\\\/#website\",\"url\":\"https:\\\/\\\/www.lammi.fi\\\/kivitalo\\\/\",\"name\":\"Lammi Kivitalo\",\"description\":\"\",\"publisher\":{\"@id\":\"https:\\\/\\\/www.lammi.fi\\\/kivitalo\\\/#organization\"},\"potentialAction\":[{\"@type\":\"SearchAction\",\"target\":{\"@type\":\"EntryPoint\",\"urlTemplate\":\"https:\\\/\\\/www.lammi.fi\\\/kivitalo\\\/?s={search_term_string}\"},\"query-input\":{\"@type\":\"PropertyValueSpecification\",\"valueRequired\":true,\"valueName\":\"search_term_string\"}}],\"inLanguage\":\"fi\"},{\"@type\":\"Organization\",\"@id\":\"https:\\\/\\\/www.lammi.fi\\\/kivitalo\\\/#organization\",\"name\":\"Lammi Kivitalo\",\"url\":\"https:\\\/\\\/www.lammi.fi\\\/kivitalo\\\/\",\"logo\":{\"@type\":\"ImageObject\",\"inLanguage\":\"fi\",\"@id\":\"https:\\\/\\\/www.lammi.fi\\\/kivitalo\\\/#\\\/schema\\\/logo\\\/image\\\/\",\"url\":\"https:\\\/\\\/www.lammi.fi\\\/kivitalo\\\/wp-content\\\/uploads\\\/sites\\\/2\\\/2018\\\/05\\\/cropped-lammi_logo.png\",\"contentUrl\":\"https:\\\/\\\/www.lammi.fi\\\/kivitalo\\\/wp-content\\\/uploads\\\/sites\\\/2\\\/2018\\\/05\\\/cropped-lammi_logo.png\",\"width\":240,\"height\":122,\"caption\":\"Lammi Kivitalo\"},\"image\":{\"@id\":\"https:\\\/\\\/www.lammi.fi\\\/kivitalo\\\/#\\\/schema\\\/logo\\\/image\\\/\"},\"sameAs\":[\"https:\\\/\\\/www.facebook.com\\\/LammiKivitalot\",\"https:\\\/\\\/www.instagram.com\\\/lammikivitalot\\\/\",\"https:\\\/\\\/fi.pinterest.com\\\/lammikivitalot\\\/\"]},{\"@type\":\"Person\",\"@id\":\"https:\\\/\\\/www.lammi.fi\\\/kivitalo\\\/#\\\/schema\\\/person\\\/b4a3064da35885c3f3143f2f1e605956\",\"name\":\"pauliinavesinen\",\"image\":{\"@type\":\"ImageObject\",\"inLanguage\":\"fi\",\"@id\":\"https:\\\/\\\/secure.gravatar.com\\\/avatar\\\/75f9fe104787598c7826b52e1d3fa84504f23df0ea52d0fe10cd3df366ef6d8f?s=96&d=mm&r=g\",\"url\":\"https:\\\/\\\/secure.gravatar.com\\\/avatar\\\/75f9fe104787598c7826b52e1d3fa84504f23df0ea52d0fe10cd3df366ef6d8f?s=96&d=mm&r=g\",\"contentUrl\":\"https:\\\/\\\/secure.gravatar.com\\\/avatar\\\/75f9fe104787598c7826b52e1d3fa84504f23df0ea52d0fe10cd3df366ef6d8f?s=96&d=mm&r=g\",\"caption\":\"pauliinavesinen\"},\"url\":\"https:\\\/\\\/www.lammi.fi\\\/kivitalo\\\/author\\\/pauliinavesinen\\\/\"}]}<\/script>\n<!-- \/ Yoast SEO plugin. -->","yoast_head_json":{"title":"PRKK Pientalo Kivest\u00e4 -rakentajakoulu webinaarina 13.11.2023 - Lammi Kivitalo","canonical":"https:\/\/www.lammi.fi\/kivitalo\/prkk-pientalo-kivesta-rakentajakoulu-webinaarina-13-11-2023\/","og_locale":"fi_FI","og_type":"article","og_title":"PRKK Pientalo Kivest\u00e4 -rakentajakoulu webinaarina 13.11.2023 - Lammi Kivitalo","og_description":"Lammi-Kivitalot ja PRKK toivottavat Sinut l\u00e4mpim\u00e4sti tervetulleeksi Pientalo Kivest\u00e4 -rakentajakouluun Ajankohta: maanantaina 13.11.2023 klo 17.30-19.30 Paikka: webinaari J\u00e4rjest\u00e4j\u00e4: PRKK ry Onko kivitalon rakentaminen tai rakennuttaminen suunnitelmissasi? PRKK ry:n Pientalo Kivest\u00e4 -rakentajakoulussa syvennyt\u00e4\u00e4n erilaisiin kivirunkomateriaaleihin, rakennuttamiseen ja rakentamisen kustannuksiin vaikuttaviin asioihin sek\u00e4 keinoihin, joilla varmistetaan laadukas lopputulos. Lue tarkemmin koulutussis\u00e4ll\u00f6st\u00e4 sek\u00e4 muista koulutuksista T\u00c4\u00c4LL\u00c4 ja ilmoittaudu &hellip; Lue lis\u00e4\u00e4 \"PRKK Pientalo Kivest\u00e4 -rakentajakoulu webinaarina 13.11.2023\"","og_url":"https:\/\/www.lammi.fi\/kivitalo\/prkk-pientalo-kivesta-rakentajakoulu-webinaarina-13-11-2023\/","og_site_name":"Lammi Kivitalo","article_publisher":"https:\/\/www.facebook.com\/LammiKivitalot","article_published_time":"2023-11-06T08:09:03+00:00","og_image":[{"url":"https:\/\/www.lammi.fi\/kivitalo\/wp-content\/uploads\/sites\/2\/2023\/08\/LAMMI_USVA-vaaka-1024x636.jpg","type":"","width":"","height":""}],"author":"pauliinavesinen","twitter_card":"summary_large_image","twitter_misc":{"Kirjoittanut":"pauliinavesinen","Arvioitu lukuaika":"1 minuutti"},"schema":{"@context":"https:\/\/schema.org","@graph":[{"@type":"Article","@id":"https:\/\/www.lammi.fi\/kivitalo\/prkk-pientalo-kivesta-rakentajakoulu-webinaarina-13-11-2023\/#article","isPartOf":{"@id":"https:\/\/www.lammi.fi\/kivitalo\/prkk-pientalo-kivesta-rakentajakoulu-webinaarina-13-11-2023\/"},"author":{"name":"pauliinavesinen","@id":"https:\/\/www.lammi.fi\/kivitalo\/#\/schema\/person\/b4a3064da35885c3f3143f2f1e605956"},"headline":"PRKK Pientalo Kivest\u00e4 -rakentajakoulu webinaarina 13.11.2023","datePublished":"2023-11-06T08:09:03+00:00","mainEntityOfPage":{"@id":"https:\/\/www.lammi.fi\/kivitalo\/prkk-pientalo-kivesta-rakentajakoulu-webinaarina-13-11-2023\/"},"wordCount":109,"publisher":{"@id":"https:\/\/www.lammi.fi\/kivitalo\/#organization"},"image":{"@id":"https:\/\/www.lammi.fi\/kivitalo\/prkk-pientalo-kivesta-rakentajakoulu-webinaarina-13-11-2023\/#primaryimage"},"thumbnailUrl":"https:\/\/www.lammi.fi\/kivitalo\/wp-content\/uploads\/sites\/2\/2023\/08\/LAMMI_USVA-vaaka-1024x636.jpg","articleSection":["Ajankohtaista"],"inLanguage":"fi"},{"@type":"WebPage","@id":"https:\/\/www.lammi.fi\/kivitalo\/prkk-pientalo-kivesta-rakentajakoulu-webinaarina-13-11-2023\/","url":"https:\/\/www.lammi.fi\/kivitalo\/prkk-pientalo-kivesta-rakentajakoulu-webinaarina-13-11-2023\/","name":"PRKK Pientalo Kivest\u00e4 -rakentajakoulu webinaarina 13.11.2023 - Lammi Kivitalo","isPartOf":{"@id":"https:\/\/www.lammi.fi\/kivitalo\/#website"},"primaryImageOfPage":{"@id":"https:\/\/www.lammi.fi\/kivitalo\/prkk-pientalo-kivesta-rakentajakoulu-webinaarina-13-11-2023\/#primaryimage"},"image":{"@id":"https:\/\/www.lammi.fi\/kivitalo\/prkk-pientalo-kivesta-rakentajakoulu-webinaarina-13-11-2023\/#primaryimage"},"thumbnailUrl":"https:\/\/www.lammi.fi\/kivitalo\/wp-content\/uploads\/sites\/2\/2023\/08\/LAMMI_USVA-vaaka-1024x636.jpg","datePublished":"2023-11-06T08:09:03+00:00","breadcrumb":{"@id":"https:\/\/www.lammi.fi\/kivitalo\/prkk-pientalo-kivesta-rakentajakoulu-webinaarina-13-11-2023\/#breadcrumb"},"inLanguage":"fi","potentialAction":[{"@type":"ReadAction","target":["https:\/\/www.lammi.fi\/kivitalo\/prkk-pientalo-kivesta-rakentajakoulu-webinaarina-13-11-2023\/"]}]},{"@type":"ImageObject","inLanguage":"fi","@id":"https:\/\/www.lammi.fi\/kivitalo\/prkk-pientalo-kivesta-rakentajakoulu-webinaarina-13-11-2023\/#primaryimage","url":"https:\/\/www.lammi.fi\/kivitalo\/wp-content\/uploads\/sites\/2\/2023\/08\/LAMMI_USVA-vaaka-scaled.jpg","contentUrl":"https:\/\/www.lammi.fi\/kivitalo\/wp-content\/uploads\/sites\/2\/2023\/08\/LAMMI_USVA-vaaka-scaled.jpg","width":2560,"height":1589,"caption":"Lammi Usva"},{"@type":"BreadcrumbList","@id":"https:\/\/www.lammi.fi\/kivitalo\/prkk-pientalo-kivesta-rakentajakoulu-webinaarina-13-11-2023\/#breadcrumb","itemListElement":[{"@type":"ListItem","position":1,"name":"Lammi.fi","item":"https:\/\/www.lammi.fi"},{"@type":"ListItem","position":2,"name":"Lammi Kivitalo","item":"https:\/\/www.lammi.fi\/kivitalo\/"},{"@type":"ListItem","position":3,"name":"PRKK Pientalo Kivest\u00e4 -rakentajakoulu webinaarina 13.11.2023"}]},{"@type":"WebSite","@id":"https:\/\/www.lammi.fi\/kivitalo\/#website","url":"https:\/\/www.lammi.fi\/kivitalo\/","name":"Lammi Kivitalo","description":"","publisher":{"@id":"https:\/\/www.lammi.fi\/kivitalo\/#organization"},"potentialAction":[{"@type":"SearchAction","target":{"@type":"EntryPoint","urlTemplate":"https:\/\/www.lammi.fi\/kivitalo\/?s={search_term_string}"},"query-input":{"@type":"PropertyValueSpecification","valueRequired":true,"valueName":"search_term_string"}}],"inLanguage":"fi"},{"@type":"Organization","@id":"https:\/\/www.lammi.fi\/kivitalo\/#organization","name":"Lammi Kivitalo","url":"https:\/\/www.lammi.fi\/kivitalo\/","logo":{"@type":"ImageObject","inLanguage":"fi","@id":"https:\/\/www.lammi.fi\/kivitalo\/#\/schema\/logo\/image\/","url":"https:\/\/www.lammi.fi\/kivitalo\/wp-content\/uploads\/sites\/2\/2018\/05\/cropped-lammi_logo.png","contentUrl":"https:\/\/www.lammi.fi\/kivitalo\/wp-content\/uploads\/sites\/2\/2018\/05\/cropped-lammi_logo.png","width":240,"height":122,"caption":"Lammi Kivitalo"},"image":{"@id":"https:\/\/www.lammi.fi\/kivitalo\/#\/schema\/logo\/image\/"},"sameAs":["https:\/\/www.facebook.com\/LammiKivitalot","https:\/\/www.instagram.com\/lammikivitalot\/","https:\/\/fi.pinterest.com\/lammikivitalot\/"]},{"@type":"Person","@id":"https:\/\/www.lammi.fi\/kivitalo\/#\/schema\/person\/b4a3064da35885c3f3143f2f1e605956","name":"pauliinavesinen","image":{"@type":"ImageObject","inLanguage":"fi","@id":"https:\/\/secure.gravatar.com\/avatar\/75f9fe104787598c7826b52e1d3fa84504f23df0ea52d0fe10cd3df366ef6d8f?s=96&d=mm&r=g","url":"https:\/\/secure.gravatar.com\/avatar\/75f9fe104787598c7826b52e1d3fa84504f23df0ea52d0fe10cd3df366ef6d8f?s=96&d=mm&r=g","contentUrl":"https:\/\/secure.gravatar.com\/avatar\/75f9fe104787598c7826b52e1d3fa84504f23df0ea52d0fe10cd3df366ef6d8f?s=96&d=mm&r=g","caption":"pauliinavesinen"},"url":"https:\/\/www.lammi.fi\/kivitalo\/author\/pauliinavesinen\/"}]}},"_links":{"self":[{"href":"https:\/\/www.lammi.fi\/kivitalo\/wp-json\/wp\/v2\/posts\/10623","targetHints":{"allow":["GET"]}}],"collection":[{"href":"https:\/\/www.lammi.fi\/kivitalo\/wp-json\/wp\/v2\/posts"}],"about":[{"href":"https:\/\/www.lammi.fi\/kivitalo\/wp-json\/wp\/v2\/types\/post"}],"author":[{"embeddable":true,"href":"https:\/\/www.lammi.fi\/kivitalo\/wp-json\/wp\/v2\/users\/11"}],"replies":[{"embeddable":true,"href":"https:\/\/www.lammi.fi\/kivitalo\/wp-json\/wp\/v2\/comments?post=10623"}],"version-history":[{"count":3,"href":"https:\/\/www.lammi.fi\/kivitalo\/wp-json\/wp\/v2\/posts\/10623\/revisions"}],"predecessor-version":[{"id":10626,"href":"https:\/\/www.lammi.fi\/kivitalo\/wp-json\/wp\/v2\/posts\/10623\/revisions\/10626"}],"wp:attachment":[{"href":"https:\/\/www.lammi.fi\/kivitalo\/wp-json\/wp\/v2\/media?parent=10623"}],"wp:term":[{"taxonomy":"category","embeddable":true,"href":"https:\/\/www.lammi.fi\/kivitalo\/wp-json\/wp\/v2\/categories?post=10623"},{"taxonomy":"post_tag","embeddable":true,"href":"https:\/\/www.lammi.fi\/kivitalo\/wp-json\/wp\/v2\/tags?post=10623"}],"curies":[{"name":"wp","href":"https:\/\/api.w.org\/{rel}","templated":true}]}}