{"id":10483,"date":"2023-10-11T13:01:32","date_gmt":"2023-10-11T10:01:32","guid":{"rendered":"https:\/\/www.lammi.fi\/kivitalo\/?p=10483"},"modified":"2023-11-02T15:57:09","modified_gmt":"2023-11-02T12:57:09","slug":"taloesittely-hyvinkaalla-keskiviikkona-1-11-2023-klo-17-19","status":"publish","type":"post","link":"https:\/\/www.lammi.fi\/kivitalo\/taloesittely-hyvinkaalla-keskiviikkona-1-11-2023-klo-17-19\/","title":{"rendered":"Taloesittely Hyvink\u00e4\u00e4ll\u00e4 keskiviikkona 1.11.2023 klo 17-19"},"content":{"rendered":"<div><img decoding=\"async\" class=\"size-large wp-image-10492 alignnone\" src=\"https:\/\/www.lammi.fi\/kivitalo\/wp-content\/uploads\/sites\/2\/2023\/10\/TEHyvinkaakuva-1024x578.jpg\" alt=\"Lammi Kivitalo\" width=\"840\" height=\"474\" srcset=\"https:\/\/www.lammi.fi\/kivitalo\/wp-content\/uploads\/sites\/2\/2023\/10\/TEHyvinkaakuva-1024x578.jpg 1024w, https:\/\/www.lammi.fi\/kivitalo\/wp-content\/uploads\/sites\/2\/2023\/10\/TEHyvinkaakuva-300x169.jpg 300w, https:\/\/www.lammi.fi\/kivitalo\/wp-content\/uploads\/sites\/2\/2023\/10\/TEHyvinkaakuva-768x433.jpg 768w, https:\/\/www.lammi.fi\/kivitalo\/wp-content\/uploads\/sites\/2\/2023\/10\/TEHyvinkaakuva-1536x866.jpg 1536w, https:\/\/www.lammi.fi\/kivitalo\/wp-content\/uploads\/sites\/2\/2023\/10\/TEHyvinkaakuva-1200x677.jpg 1200w, https:\/\/www.lammi.fi\/kivitalo\/wp-content\/uploads\/sites\/2\/2023\/10\/TEHyvinkaakuva-260x147.jpg 260w, https:\/\/www.lammi.fi\/kivitalo\/wp-content\/uploads\/sites\/2\/2023\/10\/TEHyvinkaakuva-1064x600.jpg 1064w, https:\/\/www.lammi.fi\/kivitalo\/wp-content\/uploads\/sites\/2\/2023\/10\/TEHyvinkaakuva-280x157.jpg 280w, https:\/\/www.lammi.fi\/kivitalo\/wp-content\/uploads\/sites\/2\/2023\/10\/TEHyvinkaakuva-1815x1024.jpg 1815w, https:\/\/www.lammi.fi\/kivitalo\/wp-content\/uploads\/sites\/2\/2023\/10\/TEHyvinkaakuva.jpg 2000w\" sizes=\"(max-width: 709px) 85vw, (max-width: 909px) 67vw, (max-width: 1362px) 62vw, 840px\" \/><\/div>\n<div>\n<p>Esittelimme l\u00e4hes valmiin Lammi Kivitalon Hyvink\u00e4\u00e4ll\u00e4 keskiviikkona 1.11.2023 klo 17-19.<\/p>\n<p>Kohde on yksikerroksinen Lammi Koti, jonka huoneistoala on 151 m\u00b2 ja kokonaisala on asuinrakennus 177 m\u00b2 + 71 m\u00b2 autotalli. Esittelykohde on viel\u00e4 rappaamaton ja pihaty\u00f6t ovat viel\u00e4 tekem\u00e4tt\u00e4. Asukkaat ovat muuttaneet sis\u00e4\u00e4n kes\u00e4kuussa.<\/p>\n<p>Taloesittelyyn on mahdollista osallistua vain ilmoittautumalla etuk\u00e4teen. <strong>Ilmoittautuminen on p\u00e4\u00e4ttynyt.<\/strong><\/p>\n<p>Tule\u00a0keskustelemaan kivirakentamisesta ja sen monipuolisista mahdollisuuksista sek\u00e4\u00a0eduista.\u00a0Olemme mielell\u00e4mme avuksi\u00a0omaan taloprojektiisi ja -suunnitelmiisi liittyviss\u00e4 kysymyksiss\u00e4.<\/p>\n<p>Tervetuloa!<\/p>\n<p style=\"text-align: center\"><img decoding=\"async\" class=\"size-medium wp-image-10300 alignnone aligncenter\" src=\"https:\/\/www.lammi.fi\/kivitalo\/wp-content\/uploads\/sites\/2\/2023\/09\/Lammi-Road-Trip-300x88.png\" alt=\"Lammi Road Trip\" width=\"300\" height=\"88\" srcset=\"https:\/\/www.lammi.fi\/kivitalo\/wp-content\/uploads\/sites\/2\/2023\/09\/Lammi-Road-Trip-300x88.png 300w, https:\/\/www.lammi.fi\/kivitalo\/wp-content\/uploads\/sites\/2\/2023\/09\/Lammi-Road-Trip-1024x299.png 1024w, https:\/\/www.lammi.fi\/kivitalo\/wp-content\/uploads\/sites\/2\/2023\/09\/Lammi-Road-Trip-768x224.png 768w, https:\/\/www.lammi.fi\/kivitalo\/wp-content\/uploads\/sites\/2\/2023\/09\/Lammi-Road-Trip-1200x350.png 1200w, https:\/\/www.lammi.fi\/kivitalo\/wp-content\/uploads\/sites\/2\/2023\/09\/Lammi-Road-Trip-260x76.png 260w, https:\/\/www.lammi.fi\/kivitalo\/wp-content\/uploads\/sites\/2\/2023\/09\/Lammi-Road-Trip-1210x353.png 1210w, https:\/\/www.lammi.fi\/kivitalo\/wp-content\/uploads\/sites\/2\/2023\/09\/Lammi-Road-Trip.png 1250w\" sizes=\"(max-width: 300px) 85vw, 300px\" \/><br \/>\n<em>Lammi Road Trip -taloesittelykiertue kiert\u00e4\u00e4 ymp\u00e4ri Suomen 21.9.\u201326.11. v\u00e4lisen\u00e4 aikana. Tule keskustelemaan asiantuntijoidemme kanssa kivitalon rakentamisesta,<\/em><br \/>\n<em>sek\u00e4 tutustumaan Lammi Kivitalo -kohteisiin. Nyt saat my\u00f6s Syysedun talopakettisi hinnasta, tutustu kampanjaan <a href=\"https:\/\/www.lammi.fi\/kivitalo\/?page_id=10052\" target=\"_blank\" rel=\"noopener\">t\u00e4\u00e4ll\u00e4.<\/a><\/em><\/p>\n<p style=\"text-align: center\"><em><strong>ARVONTA!<\/strong><\/em><br \/>\n<em>Kaikkien Road Trip -taloesittelyiss\u00e4 vierailleiden kesken arvotaan lahjakortti Stark-rautakauppaan (arvo 2000 \u20ac). Arvonta suoritetaan joulukuussa 2023 ja sen voittajalle ilmoitetaan henkil\u00f6kohtaisesti. Pid\u00e4t\u00e4mme oikeuden muutoksiin.<\/em><\/p>\n<\/div>\n","protected":false},"excerpt":{"rendered":"<p>Esittelimme l\u00e4hes valmiin Lammi Kivitalon Hyvink\u00e4\u00e4ll\u00e4 keskiviikkona 1.11.2023 klo 17-19. Kohde on yksikerroksinen Lammi Koti, jonka huoneistoala on 151 m\u00b2 ja kokonaisala on asuinrakennus 177 m\u00b2 + 71 m\u00b2 autotalli. Esittelykohde on viel\u00e4 rappaamaton ja pihaty\u00f6t ovat viel\u00e4 tekem\u00e4tt\u00e4. Asukkaat ovat muuttaneet sis\u00e4\u00e4n kes\u00e4kuussa. Taloesittelyyn on mahdollista osallistua vain ilmoittautumalla etuk\u00e4teen. Ilmoittautuminen on p\u00e4\u00e4ttynyt. Tule\u00a0keskustelemaan &hellip; <a href=\"https:\/\/www.lammi.fi\/kivitalo\/taloesittely-hyvinkaalla-keskiviikkona-1-11-2023-klo-17-19\/\" class=\"more-link\">Lue lis\u00e4\u00e4<span class=\"screen-reader-text\"> &#8221;Taloesittely Hyvink\u00e4\u00e4ll\u00e4 keskiviikkona 1.11.2023 klo 17-19&#8221;<\/span><\/a><\/p>\n","protected":false},"author":11,"featured_media":0,"comment_status":"closed","ping_status":"closed","sticky":false,"template":"","format":"standard","meta":{"_acf_changed":false,"_improvement_type_select":"improve_an_existing","_thumb_yes_seoaic":false,"_frame_yes_seoaic":false,"seoaic_generate_description":"","seoaic_improve_instructions_prompt":"","seoaic_rollback_content_improvement":"","seoaic_idea_thumbnail_generator":"","thumbnail_generated":false,"thumbnail_generate_prompt":"","seoaic_article_description":"","seoaic_article_subtitles":[],"footnotes":""},"categories":[1],"tags":[],"class_list":["post-10483","post","type-post","status-publish","format-standard","hentry","category-ajankohtaista"],"acf":[],"yoast_head":"<!-- This site is optimized with the Yoast SEO plugin v27.4 - https:\/\/yoast.com\/product\/yoast-seo-wordpress\/ -->\n<title>Taloesittely Hyvink\u00e4\u00e4ll\u00e4 keskiviikkona 1.11.2023 klo 17-19 - Lammi Kivitalo<\/title>\n<link rel=\"canonical\" href=\"https:\/\/www.lammi.fi\/kivitalo\/taloesittely-hyvinkaalla-keskiviikkona-1-11-2023-klo-17-19\/\" \/>\n<meta property=\"og:locale\" content=\"fi_FI\" \/>\n<meta property=\"og:type\" content=\"article\" \/>\n<meta property=\"og:title\" content=\"Taloesittely Hyvink\u00e4\u00e4ll\u00e4 keskiviikkona 1.11.2023 klo 17-19 - Lammi Kivitalo\" \/>\n<meta property=\"og:description\" content=\"Esittelimme l\u00e4hes valmiin Lammi Kivitalon Hyvink\u00e4\u00e4ll\u00e4 keskiviikkona 1.11.2023 klo 17-19. Kohde on yksikerroksinen Lammi Koti, jonka huoneistoala on 151 m\u00b2 ja kokonaisala on asuinrakennus 177 m\u00b2 + 71 m\u00b2 autotalli. Esittelykohde on viel\u00e4 rappaamaton ja pihaty\u00f6t ovat viel\u00e4 tekem\u00e4tt\u00e4. Asukkaat ovat muuttaneet sis\u00e4\u00e4n kes\u00e4kuussa. Taloesittelyyn on mahdollista osallistua vain ilmoittautumalla etuk\u00e4teen. Ilmoittautuminen on p\u00e4\u00e4ttynyt. Tule\u00a0keskustelemaan &hellip; Lue lis\u00e4\u00e4 &quot;Taloesittely Hyvink\u00e4\u00e4ll\u00e4 keskiviikkona 1.11.2023 klo 17-19&quot;\" \/>\n<meta property=\"og:url\" content=\"https:\/\/www.lammi.fi\/kivitalo\/taloesittely-hyvinkaalla-keskiviikkona-1-11-2023-klo-17-19\/\" \/>\n<meta property=\"og:site_name\" content=\"Lammi Kivitalo\" \/>\n<meta property=\"article:publisher\" content=\"https:\/\/www.facebook.com\/LammiKivitalot\" \/>\n<meta property=\"article:published_time\" content=\"2023-10-11T10:01:32+00:00\" \/>\n<meta property=\"article:modified_time\" content=\"2023-11-02T12:57:09+00:00\" \/>\n<meta property=\"og:image\" content=\"https:\/\/www.lammi.fi\/kivitalo\/wp-content\/uploads\/sites\/2\/2023\/10\/TEHyvinkaakuva-1024x578.jpg\" \/>\n<meta name=\"author\" content=\"pauliinavesinen\" \/>\n<meta name=\"twitter:card\" content=\"summary_large_image\" \/>\n<meta name=\"twitter:label1\" content=\"Kirjoittanut\" \/>\n\t<meta name=\"twitter:data1\" content=\"pauliinavesinen\" \/>\n\t<meta name=\"twitter:label2\" content=\"Arvioitu lukuaika\" \/>\n\t<meta name=\"twitter:data2\" content=\"2 minuuttia\" \/>\n<script type=\"application\/ld+json\" class=\"yoast-schema-graph\">{\"@context\":\"https:\\\/\\\/schema.org\",\"@graph\":[{\"@type\":\"Article\",\"@id\":\"https:\\\/\\\/www.lammi.fi\\\/kivitalo\\\/taloesittely-hyvinkaalla-keskiviikkona-1-11-2023-klo-17-19\\\/#article\",\"isPartOf\":{\"@id\":\"https:\\\/\\\/www.lammi.fi\\\/kivitalo\\\/taloesittely-hyvinkaalla-keskiviikkona-1-11-2023-klo-17-19\\\/\"},\"author\":{\"name\":\"pauliinavesinen\",\"@id\":\"https:\\\/\\\/www.lammi.fi\\\/kivitalo\\\/#\\\/schema\\\/person\\\/b4a3064da35885c3f3143f2f1e605956\"},\"headline\":\"Taloesittely Hyvink\u00e4\u00e4ll\u00e4 keskiviikkona 1.11.2023 klo 17-19\",\"datePublished\":\"2023-10-11T10:01:32+00:00\",\"dateModified\":\"2023-11-02T12:57:09+00:00\",\"mainEntityOfPage\":{\"@id\":\"https:\\\/\\\/www.lammi.fi\\\/kivitalo\\\/taloesittely-hyvinkaalla-keskiviikkona-1-11-2023-klo-17-19\\\/\"},\"wordCount\":141,\"publisher\":{\"@id\":\"https:\\\/\\\/www.lammi.fi\\\/kivitalo\\\/#organization\"},\"image\":{\"@id\":\"https:\\\/\\\/www.lammi.fi\\\/kivitalo\\\/taloesittely-hyvinkaalla-keskiviikkona-1-11-2023-klo-17-19\\\/#primaryimage\"},\"thumbnailUrl\":\"https:\\\/\\\/www.lammi.fi\\\/kivitalo\\\/wp-content\\\/uploads\\\/sites\\\/2\\\/2023\\\/10\\\/TEHyvinkaakuva-1024x578.jpg\",\"articleSection\":[\"Ajankohtaista\"],\"inLanguage\":\"fi\"},{\"@type\":\"WebPage\",\"@id\":\"https:\\\/\\\/www.lammi.fi\\\/kivitalo\\\/taloesittely-hyvinkaalla-keskiviikkona-1-11-2023-klo-17-19\\\/\",\"url\":\"https:\\\/\\\/www.lammi.fi\\\/kivitalo\\\/taloesittely-hyvinkaalla-keskiviikkona-1-11-2023-klo-17-19\\\/\",\"name\":\"Taloesittely Hyvink\u00e4\u00e4ll\u00e4 keskiviikkona 1.11.2023 klo 17-19 - Lammi Kivitalo\",\"isPartOf\":{\"@id\":\"https:\\\/\\\/www.lammi.fi\\\/kivitalo\\\/#website\"},\"primaryImageOfPage\":{\"@id\":\"https:\\\/\\\/www.lammi.fi\\\/kivitalo\\\/taloesittely-hyvinkaalla-keskiviikkona-1-11-2023-klo-17-19\\\/#primaryimage\"},\"image\":{\"@id\":\"https:\\\/\\\/www.lammi.fi\\\/kivitalo\\\/taloesittely-hyvinkaalla-keskiviikkona-1-11-2023-klo-17-19\\\/#primaryimage\"},\"thumbnailUrl\":\"https:\\\/\\\/www.lammi.fi\\\/kivitalo\\\/wp-content\\\/uploads\\\/sites\\\/2\\\/2023\\\/10\\\/TEHyvinkaakuva-1024x578.jpg\",\"datePublished\":\"2023-10-11T10:01:32+00:00\",\"dateModified\":\"2023-11-02T12:57:09+00:00\",\"breadcrumb\":{\"@id\":\"https:\\\/\\\/www.lammi.fi\\\/kivitalo\\\/taloesittely-hyvinkaalla-keskiviikkona-1-11-2023-klo-17-19\\\/#breadcrumb\"},\"inLanguage\":\"fi\",\"potentialAction\":[{\"@type\":\"ReadAction\",\"target\":[\"https:\\\/\\\/www.lammi.fi\\\/kivitalo\\\/taloesittely-hyvinkaalla-keskiviikkona-1-11-2023-klo-17-19\\\/\"]}]},{\"@type\":\"ImageObject\",\"inLanguage\":\"fi\",\"@id\":\"https:\\\/\\\/www.lammi.fi\\\/kivitalo\\\/taloesittely-hyvinkaalla-keskiviikkona-1-11-2023-klo-17-19\\\/#primaryimage\",\"url\":\"https:\\\/\\\/www.lammi.fi\\\/kivitalo\\\/wp-content\\\/uploads\\\/sites\\\/2\\\/2023\\\/10\\\/TEHyvinkaakuva.jpg\",\"contentUrl\":\"https:\\\/\\\/www.lammi.fi\\\/kivitalo\\\/wp-content\\\/uploads\\\/sites\\\/2\\\/2023\\\/10\\\/TEHyvinkaakuva.jpg\",\"width\":2000,\"height\":1128,\"caption\":\"Lammi Kivitalo\"},{\"@type\":\"BreadcrumbList\",\"@id\":\"https:\\\/\\\/www.lammi.fi\\\/kivitalo\\\/taloesittely-hyvinkaalla-keskiviikkona-1-11-2023-klo-17-19\\\/#breadcrumb\",\"itemListElement\":[{\"@type\":\"ListItem\",\"position\":1,\"name\":\"Lammi.fi\",\"item\":\"https:\\\/\\\/www.lammi.fi\"},{\"@type\":\"ListItem\",\"position\":2,\"name\":\"Lammi Kivitalo\",\"item\":\"https:\\\/\\\/www.lammi.fi\\\/kivitalo\\\/\"},{\"@type\":\"ListItem\",\"position\":3,\"name\":\"Taloesittely Hyvink\u00e4\u00e4ll\u00e4 keskiviikkona 1.11.2023 klo 17-19\"}]},{\"@type\":\"WebSite\",\"@id\":\"https:\\\/\\\/www.lammi.fi\\\/kivitalo\\\/#website\",\"url\":\"https:\\\/\\\/www.lammi.fi\\\/kivitalo\\\/\",\"name\":\"Lammi Kivitalo\",\"description\":\"\",\"publisher\":{\"@id\":\"https:\\\/\\\/www.lammi.fi\\\/kivitalo\\\/#organization\"},\"potentialAction\":[{\"@type\":\"SearchAction\",\"target\":{\"@type\":\"EntryPoint\",\"urlTemplate\":\"https:\\\/\\\/www.lammi.fi\\\/kivitalo\\\/?s={search_term_string}\"},\"query-input\":{\"@type\":\"PropertyValueSpecification\",\"valueRequired\":true,\"valueName\":\"search_term_string\"}}],\"inLanguage\":\"fi\"},{\"@type\":\"Organization\",\"@id\":\"https:\\\/\\\/www.lammi.fi\\\/kivitalo\\\/#organization\",\"name\":\"Lammi Kivitalo\",\"url\":\"https:\\\/\\\/www.lammi.fi\\\/kivitalo\\\/\",\"logo\":{\"@type\":\"ImageObject\",\"inLanguage\":\"fi\",\"@id\":\"https:\\\/\\\/www.lammi.fi\\\/kivitalo\\\/#\\\/schema\\\/logo\\\/image\\\/\",\"url\":\"https:\\\/\\\/www.lammi.fi\\\/kivitalo\\\/wp-content\\\/uploads\\\/sites\\\/2\\\/2018\\\/05\\\/cropped-lammi_logo.png\",\"contentUrl\":\"https:\\\/\\\/www.lammi.fi\\\/kivitalo\\\/wp-content\\\/uploads\\\/sites\\\/2\\\/2018\\\/05\\\/cropped-lammi_logo.png\",\"width\":240,\"height\":122,\"caption\":\"Lammi Kivitalo\"},\"image\":{\"@id\":\"https:\\\/\\\/www.lammi.fi\\\/kivitalo\\\/#\\\/schema\\\/logo\\\/image\\\/\"},\"sameAs\":[\"https:\\\/\\\/www.facebook.com\\\/LammiKivitalot\",\"https:\\\/\\\/www.instagram.com\\\/lammikivitalot\\\/\",\"https:\\\/\\\/fi.pinterest.com\\\/lammikivitalot\\\/\"]},{\"@type\":\"Person\",\"@id\":\"https:\\\/\\\/www.lammi.fi\\\/kivitalo\\\/#\\\/schema\\\/person\\\/b4a3064da35885c3f3143f2f1e605956\",\"name\":\"pauliinavesinen\",\"image\":{\"@type\":\"ImageObject\",\"inLanguage\":\"fi\",\"@id\":\"https:\\\/\\\/secure.gravatar.com\\\/avatar\\\/75f9fe104787598c7826b52e1d3fa84504f23df0ea52d0fe10cd3df366ef6d8f?s=96&d=mm&r=g\",\"url\":\"https:\\\/\\\/secure.gravatar.com\\\/avatar\\\/75f9fe104787598c7826b52e1d3fa84504f23df0ea52d0fe10cd3df366ef6d8f?s=96&d=mm&r=g\",\"contentUrl\":\"https:\\\/\\\/secure.gravatar.com\\\/avatar\\\/75f9fe104787598c7826b52e1d3fa84504f23df0ea52d0fe10cd3df366ef6d8f?s=96&d=mm&r=g\",\"caption\":\"pauliinavesinen\"},\"url\":\"https:\\\/\\\/www.lammi.fi\\\/kivitalo\\\/author\\\/pauliinavesinen\\\/\"}]}<\/script>\n<!-- \/ Yoast SEO plugin. -->","yoast_head_json":{"title":"Taloesittely Hyvink\u00e4\u00e4ll\u00e4 keskiviikkona 1.11.2023 klo 17-19 - Lammi Kivitalo","canonical":"https:\/\/www.lammi.fi\/kivitalo\/taloesittely-hyvinkaalla-keskiviikkona-1-11-2023-klo-17-19\/","og_locale":"fi_FI","og_type":"article","og_title":"Taloesittely Hyvink\u00e4\u00e4ll\u00e4 keskiviikkona 1.11.2023 klo 17-19 - Lammi Kivitalo","og_description":"Esittelimme l\u00e4hes valmiin Lammi Kivitalon Hyvink\u00e4\u00e4ll\u00e4 keskiviikkona 1.11.2023 klo 17-19. Kohde on yksikerroksinen Lammi Koti, jonka huoneistoala on 151 m\u00b2 ja kokonaisala on asuinrakennus 177 m\u00b2 + 71 m\u00b2 autotalli. Esittelykohde on viel\u00e4 rappaamaton ja pihaty\u00f6t ovat viel\u00e4 tekem\u00e4tt\u00e4. Asukkaat ovat muuttaneet sis\u00e4\u00e4n kes\u00e4kuussa. Taloesittelyyn on mahdollista osallistua vain ilmoittautumalla etuk\u00e4teen. Ilmoittautuminen on p\u00e4\u00e4ttynyt. Tule\u00a0keskustelemaan &hellip; Lue lis\u00e4\u00e4 \"Taloesittely Hyvink\u00e4\u00e4ll\u00e4 keskiviikkona 1.11.2023 klo 17-19\"","og_url":"https:\/\/www.lammi.fi\/kivitalo\/taloesittely-hyvinkaalla-keskiviikkona-1-11-2023-klo-17-19\/","og_site_name":"Lammi Kivitalo","article_publisher":"https:\/\/www.facebook.com\/LammiKivitalot","article_published_time":"2023-10-11T10:01:32+00:00","article_modified_time":"2023-11-02T12:57:09+00:00","og_image":[{"url":"https:\/\/www.lammi.fi\/kivitalo\/wp-content\/uploads\/sites\/2\/2023\/10\/TEHyvinkaakuva-1024x578.jpg","type":"","width":"","height":""}],"author":"pauliinavesinen","twitter_card":"summary_large_image","twitter_misc":{"Kirjoittanut":"pauliinavesinen","Arvioitu lukuaika":"2 minuuttia"},"schema":{"@context":"https:\/\/schema.org","@graph":[{"@type":"Article","@id":"https:\/\/www.lammi.fi\/kivitalo\/taloesittely-hyvinkaalla-keskiviikkona-1-11-2023-klo-17-19\/#article","isPartOf":{"@id":"https:\/\/www.lammi.fi\/kivitalo\/taloesittely-hyvinkaalla-keskiviikkona-1-11-2023-klo-17-19\/"},"author":{"name":"pauliinavesinen","@id":"https:\/\/www.lammi.fi\/kivitalo\/#\/schema\/person\/b4a3064da35885c3f3143f2f1e605956"},"headline":"Taloesittely Hyvink\u00e4\u00e4ll\u00e4 keskiviikkona 1.11.2023 klo 17-19","datePublished":"2023-10-11T10:01:32+00:00","dateModified":"2023-11-02T12:57:09+00:00","mainEntityOfPage":{"@id":"https:\/\/www.lammi.fi\/kivitalo\/taloesittely-hyvinkaalla-keskiviikkona-1-11-2023-klo-17-19\/"},"wordCount":141,"publisher":{"@id":"https:\/\/www.lammi.fi\/kivitalo\/#organization"},"image":{"@id":"https:\/\/www.lammi.fi\/kivitalo\/taloesittely-hyvinkaalla-keskiviikkona-1-11-2023-klo-17-19\/#primaryimage"},"thumbnailUrl":"https:\/\/www.lammi.fi\/kivitalo\/wp-content\/uploads\/sites\/2\/2023\/10\/TEHyvinkaakuva-1024x578.jpg","articleSection":["Ajankohtaista"],"inLanguage":"fi"},{"@type":"WebPage","@id":"https:\/\/www.lammi.fi\/kivitalo\/taloesittely-hyvinkaalla-keskiviikkona-1-11-2023-klo-17-19\/","url":"https:\/\/www.lammi.fi\/kivitalo\/taloesittely-hyvinkaalla-keskiviikkona-1-11-2023-klo-17-19\/","name":"Taloesittely Hyvink\u00e4\u00e4ll\u00e4 keskiviikkona 1.11.2023 klo 17-19 - Lammi Kivitalo","isPartOf":{"@id":"https:\/\/www.lammi.fi\/kivitalo\/#website"},"primaryImageOfPage":{"@id":"https:\/\/www.lammi.fi\/kivitalo\/taloesittely-hyvinkaalla-keskiviikkona-1-11-2023-klo-17-19\/#primaryimage"},"image":{"@id":"https:\/\/www.lammi.fi\/kivitalo\/taloesittely-hyvinkaalla-keskiviikkona-1-11-2023-klo-17-19\/#primaryimage"},"thumbnailUrl":"https:\/\/www.lammi.fi\/kivitalo\/wp-content\/uploads\/sites\/2\/2023\/10\/TEHyvinkaakuva-1024x578.jpg","datePublished":"2023-10-11T10:01:32+00:00","dateModified":"2023-11-02T12:57:09+00:00","breadcrumb":{"@id":"https:\/\/www.lammi.fi\/kivitalo\/taloesittely-hyvinkaalla-keskiviikkona-1-11-2023-klo-17-19\/#breadcrumb"},"inLanguage":"fi","potentialAction":[{"@type":"ReadAction","target":["https:\/\/www.lammi.fi\/kivitalo\/taloesittely-hyvinkaalla-keskiviikkona-1-11-2023-klo-17-19\/"]}]},{"@type":"ImageObject","inLanguage":"fi","@id":"https:\/\/www.lammi.fi\/kivitalo\/taloesittely-hyvinkaalla-keskiviikkona-1-11-2023-klo-17-19\/#primaryimage","url":"https:\/\/www.lammi.fi\/kivitalo\/wp-content\/uploads\/sites\/2\/2023\/10\/TEHyvinkaakuva.jpg","contentUrl":"https:\/\/www.lammi.fi\/kivitalo\/wp-content\/uploads\/sites\/2\/2023\/10\/TEHyvinkaakuva.jpg","width":2000,"height":1128,"caption":"Lammi Kivitalo"},{"@type":"BreadcrumbList","@id":"https:\/\/www.lammi.fi\/kivitalo\/taloesittely-hyvinkaalla-keskiviikkona-1-11-2023-klo-17-19\/#breadcrumb","itemListElement":[{"@type":"ListItem","position":1,"name":"Lammi.fi","item":"https:\/\/www.lammi.fi"},{"@type":"ListItem","position":2,"name":"Lammi Kivitalo","item":"https:\/\/www.lammi.fi\/kivitalo\/"},{"@type":"ListItem","position":3,"name":"Taloesittely Hyvink\u00e4\u00e4ll\u00e4 keskiviikkona 1.11.2023 klo 17-19"}]},{"@type":"WebSite","@id":"https:\/\/www.lammi.fi\/kivitalo\/#website","url":"https:\/\/www.lammi.fi\/kivitalo\/","name":"Lammi Kivitalo","description":"","publisher":{"@id":"https:\/\/www.lammi.fi\/kivitalo\/#organization"},"potentialAction":[{"@type":"SearchAction","target":{"@type":"EntryPoint","urlTemplate":"https:\/\/www.lammi.fi\/kivitalo\/?s={search_term_string}"},"query-input":{"@type":"PropertyValueSpecification","valueRequired":true,"valueName":"search_term_string"}}],"inLanguage":"fi"},{"@type":"Organization","@id":"https:\/\/www.lammi.fi\/kivitalo\/#organization","name":"Lammi Kivitalo","url":"https:\/\/www.lammi.fi\/kivitalo\/","logo":{"@type":"ImageObject","inLanguage":"fi","@id":"https:\/\/www.lammi.fi\/kivitalo\/#\/schema\/logo\/image\/","url":"https:\/\/www.lammi.fi\/kivitalo\/wp-content\/uploads\/sites\/2\/2018\/05\/cropped-lammi_logo.png","contentUrl":"https:\/\/www.lammi.fi\/kivitalo\/wp-content\/uploads\/sites\/2\/2018\/05\/cropped-lammi_logo.png","width":240,"height":122,"caption":"Lammi Kivitalo"},"image":{"@id":"https:\/\/www.lammi.fi\/kivitalo\/#\/schema\/logo\/image\/"},"sameAs":["https:\/\/www.facebook.com\/LammiKivitalot","https:\/\/www.instagram.com\/lammikivitalot\/","https:\/\/fi.pinterest.com\/lammikivitalot\/"]},{"@type":"Person","@id":"https:\/\/www.lammi.fi\/kivitalo\/#\/schema\/person\/b4a3064da35885c3f3143f2f1e605956","name":"pauliinavesinen","image":{"@type":"ImageObject","inLanguage":"fi","@id":"https:\/\/secure.gravatar.com\/avatar\/75f9fe104787598c7826b52e1d3fa84504f23df0ea52d0fe10cd3df366ef6d8f?s=96&d=mm&r=g","url":"https:\/\/secure.gravatar.com\/avatar\/75f9fe104787598c7826b52e1d3fa84504f23df0ea52d0fe10cd3df366ef6d8f?s=96&d=mm&r=g","contentUrl":"https:\/\/secure.gravatar.com\/avatar\/75f9fe104787598c7826b52e1d3fa84504f23df0ea52d0fe10cd3df366ef6d8f?s=96&d=mm&r=g","caption":"pauliinavesinen"},"url":"https:\/\/www.lammi.fi\/kivitalo\/author\/pauliinavesinen\/"}]}},"_links":{"self":[{"href":"https:\/\/www.lammi.fi\/kivitalo\/wp-json\/wp\/v2\/posts\/10483","targetHints":{"allow":["GET"]}}],"collection":[{"href":"https:\/\/www.lammi.fi\/kivitalo\/wp-json\/wp\/v2\/posts"}],"about":[{"href":"https:\/\/www.lammi.fi\/kivitalo\/wp-json\/wp\/v2\/types\/post"}],"author":[{"embeddable":true,"href":"https:\/\/www.lammi.fi\/kivitalo\/wp-json\/wp\/v2\/users\/11"}],"replies":[{"embeddable":true,"href":"https:\/\/www.lammi.fi\/kivitalo\/wp-json\/wp\/v2\/comments?post=10483"}],"version-history":[{"count":10,"href":"https:\/\/www.lammi.fi\/kivitalo\/wp-json\/wp\/v2\/posts\/10483\/revisions"}],"predecessor-version":[{"id":10586,"href":"https:\/\/www.lammi.fi\/kivitalo\/wp-json\/wp\/v2\/posts\/10483\/revisions\/10586"}],"wp:attachment":[{"href":"https:\/\/www.lammi.fi\/kivitalo\/wp-json\/wp\/v2\/media?parent=10483"}],"wp:term":[{"taxonomy":"category","embeddable":true,"href":"https:\/\/www.lammi.fi\/kivitalo\/wp-json\/wp\/v2\/categories?post=10483"},{"taxonomy":"post_tag","embeddable":true,"href":"https:\/\/www.lammi.fi\/kivitalo\/wp-json\/wp\/v2\/tags?post=10483"}],"curies":[{"name":"wp","href":"https:\/\/api.w.org\/{rel}","templated":true}]}}